{"id":10102,"date":"2014-03-12T20:29:43","date_gmt":"2014-03-12T18:29:43","guid":{"rendered":"\/7alire\/?p=10102"},"modified":"2014-03-12T20:31:38","modified_gmt":"2014-03-12T18:31:38","slug":"5ieme-salon-du-livre-et-de-la-bd-la-reussite-etait-au-rendez-vous","status":"publish","type":"post","link":"https:\/\/www.o-p-i.fr\/7alire\/7-a-lire-actu\/salon-du-livre-7-a-lire-actu\/5ieme-salon-du-livre-et-de-la-bd-la-reussite-etait-au-rendez-vous\/","title":{"rendered":"5i\u00e8me salon du livre et de la BD : la r\u00e9ussite \u00e9tait au rendez-vous !"},"content":{"rendered":"<p style=\"text-align: justify;\">Dimanche 2 mars 2014, l\u2019association Autriche et Pays d\u2019Oc et son site 7 \u00e0 lire organisait le 5i\u00e8me salon du livre et de la BD avec le soutien du Conseil G\u00e9n\u00e9ral, du Conseil R\u00e9gional et de la Mairie de N\u00e8grepelisse.<\/p>\n<p style=\"text-align: justify;\">Un public nombreux et int\u00e9ress\u00e9  est venu \u00e0 la rencontre des trente auteurs ou dessinateurs .<\/p>\n<p style=\"text-align: justify;\">Marc GALABRU ,fr\u00e8re du com\u00e9dien Michel GALABRU,  invit\u00e9 d\u2019honneur de ce salon.<\/p>\n<p style=\"text-align: justify;\">La BD \u00e9tait bien repr\u00e9sent\u00e9e par Jo\u00ebl Polomski, B\u00e9v\u00e9 et Sanchez de l\u2019association Mogambo ainsi que par Str\u00f6m qui anima un atelier pour le plus grand bonheur des enfants.<\/p>\n<p style=\"text-align: justify;\">St\u00e9phanie Caulus a su captiver les enfants lors de son atelier Kamishiba\u00ef tandis que Nicolas Bouvier  et Margaux Lecocq donnaient une conf\u00e9rence devant un public attentif.<\/p>\n<p style=\"text-align: justify;\">La culture occitane , avec le stand propos\u00e9 par  TG\u2019OC (Tarn e Garona occitan \/ association Fr\u00e9d\u00e9ric Cayrou) a connu un vif succ\u00e8s aupr\u00e8s des visiteurs enfants ou adultes.<\/p>\n<p style=\"text-align: justify;\">Nous ne saurions termin\u00e9 sans vous faire part du t\u00e9moignage d\u2019un auteur :  \u00ab <em>Ce salon fut un succ\u00e8s : beaucoup de monde, un public int\u00e9ress\u00e9, une ambiance conviviale et m\u00eame chaleureuse\u2026. En vous remerciant pour la pr\u00e9sentation du site  7 \u00e0 lire et l\u2019efficacit\u00e9 de l\u2019organisation <\/em>\u00bb (Christian Eychloma)<\/p>\n<figure id=\"attachment_10106\" aria-describedby=\"caption-attachment-10106\" style=\"width: 150px\" class=\"wp-caption alignleft\"><a href=\"https:\/\/www.o-p-i.fr\/7alire\/wp-content\/uploads\/galabru2014.jpg\"><img loading=\"lazy\" decoding=\"async\" class=\"size-thumbnail wp-image-10106\" title=\"L\u2019auteur Marc Galabru, avec  les b\u00e9n\u00e9voles de l\u2019association Nadyne Vern Frouilou et Francine Rigambert, et sa compagne.\" src=\"https:\/\/www.o-p-i.fr\/7alire\/wp-content\/uploads\/galabru2014-150x150.jpg\" alt=\"L\u2019auteur Marc Galabru, avec  les b\u00e9n\u00e9voles de l\u2019association Nadyne Vern Frouilou et Francine Rigambert, et sa compagne.\" width=\"150\" height=\"150\" \/><\/a><figcaption id=\"caption-attachment-10106\" class=\"wp-caption-text\">L\u2019auteur Marc Galabru, avec  les b\u00e9n\u00e9voles de l\u2019association Nadyne Vern Frouilou et Francine Rigambert, et sa compagne.<\/figcaption><\/figure>\n<p style=\"text-align: justify;\">\n<figure id=\"attachment_10104\" aria-describedby=\"caption-attachment-10104\" style=\"width: 150px\" class=\"wp-caption alignleft\"><a href=\"https:\/\/www.o-p-i.fr\/7alire\/wp-content\/uploads\/salonnegrepelisse2014.jpg\"><img loading=\"lazy\" decoding=\"async\" class=\"size-thumbnail wp-image-10104 \" title=\"5i\u00e8me salon du livre et de la BD de N\u00e8grepelisse. Public int\u00e9ress\u00e9 et nombreux\" src=\"https:\/\/www.o-p-i.fr\/7alire\/wp-content\/uploads\/salonnegrepelisse2014-150x150.jpg\" alt=\"Public int\u00e9ress\u00e9 et nombreux\" width=\"150\" height=\"150\" \/><\/a><figcaption id=\"caption-attachment-10104\" class=\"wp-caption-text\">Public int\u00e9ress\u00e9 et nombreux<\/figcaption><\/figure>\n<figure id=\"attachment_10105\" aria-describedby=\"caption-attachment-10105\" style=\"width: 150px\" class=\"wp-caption alignleft\"><a href=\"https:\/\/www.o-p-i.fr\/7alire\/wp-content\/uploads\/elusalonnegrepelisse2014.jpg\"><img loading=\"lazy\" decoding=\"async\" class=\"size-thumbnail wp-image-10105 \" title=\"5i\u00e8me salon du livre et de la BD de N\u00e8grepelisse. M.le Maire Jean Cambon et M. Paris s\u2019entretie,nnent avec Roger Cavali\u00e9, l\u2019auteur de \u00ab Le  vieux cartable \u00bb .\" src=\"https:\/\/www.o-p-i.fr\/7alire\/wp-content\/uploads\/elusalonnegrepelisse2014-150x150.jpg\" alt=\"M.le Maire Jean Cambon et M. Paris s\u2019entretie,nnent avec Roger Cavali\u00e9, l\u2019auteur de \u00ab Le  vieux cartable \u00bb .\" width=\"150\" height=\"150\" \/><\/a><figcaption id=\"caption-attachment-10105\" class=\"wp-caption-text\">M.le Maire Jean Cambon et M. Paris s\u2019entretie,nnent avec Roger Cavali\u00e9, l\u2019auteur de \u00ab Le  vieux cartable \u00bb .<\/figcaption><\/figure>\n<figure id=\"attachment_10107\" aria-describedby=\"caption-attachment-10107\" style=\"width: 150px\" class=\"wp-caption alignleft\"><a href=\"https:\/\/www.o-p-i.fr\/7alire\/wp-content\/uploads\/tgoc-salonnegrepelisse2014.jpg\"><img loading=\"lazy\" decoding=\"async\" class=\"size-thumbnail wp-image-10107\" title=\"Le stand de TG\u2019OC (Tarn e Garona occitan) a connu un vif succ\u00e8s.\" src=\"https:\/\/www.o-p-i.fr\/7alire\/wp-content\/uploads\/tgoc-salonnegrepelisse2014-150x150.jpg\" alt=\"Le stand de TG\u2019OC (Tarn e Garona occitan) a connu un vif succ\u00e8s.\" width=\"150\" height=\"150\" \/><\/a><figcaption id=\"caption-attachment-10107\" class=\"wp-caption-text\">Le stand de TG\u2019OC (Tarn e Garona occitan) a connu un vif succ\u00e8s.<\/figcaption><\/figure>\n<p><strong>Cliquez sur les images pour les agrandir !<\/strong><\/p>\n<p style=\"text-align: justify;\">Le rendez-vous est pris pour la 6i\u00e8me \u00e9dition qui aura lieu le 1er dimanche de mars.  Vous souhaitez apporter votre soutien \u00e0 l\u2019organisation et \u00e0 la promotion de cette manifestation, contactez d\u00e8s \u00e0 pr\u00e9sent <a title=\"En savoir +\" href=\"https:\/\/www.o-p-i.fr\/7alire\/activites-occitanes\/\">Autriche et Pays d\u2019Oc<\/a>.<\/p>\n<p style=\"text-align: justify;\">Nous vous invitons aussi \u00e0 participer au salon du livre Jeunesse qui aura lieu \u00e0 Montauban le samedi 17 et dimanche 18 mai 2014 ainsi qu\u2019au 11i\u00e8me salon du livre et de la BD associ\u00e9 \u00e0 une bourse toutes collections du dimanche 31 ao\u00fbt 2014 \u00e0 Monclar de Quercy. (Rens. :\u00a0 Office de Tourisme &#8211; Tel  : 05 63 30 321 72 \/ <a href=\"mailto:monclardequercy@wanadoo.fr\">monclardequercy@wanadoo.fr<\/a> )<a href=\"mailto:monclardequercy@wanadoo.fr\"><br \/>\n<\/a><\/p>\n","protected":false},"excerpt":{"rendered":"<div class=\"mh-excerpt\">Dimanche 2 mars 2014, l\u2019association Autriche et Pays d\u2019Oc et son site 7 \u00e0 lire organisait le 5i\u00e8me salon du livre et de la BD avec le soutien du Conseil G\u00e9n\u00e9ral, du Conseil R\u00e9gional et <a class=\"mh-excerpt-more\" href=\"https:\/\/www.o-p-i.fr\/7alire\/7-a-lire-actu\/salon-du-livre-7-a-lire-actu\/5ieme-salon-du-livre-et-de-la-bd-la-reussite-etait-au-rendez-vous\/\" title=\"5i\u00e8me salon du livre et de la BD : la r\u00e9ussite \u00e9tait au rendez-vous !\">[&#8230;]<\/a><\/div>\n","protected":false},"author":2,"featured_media":0,"comment_status":"open","ping_status":"open","sticky":false,"template":"","format":"standard","meta":{"_jetpack_memberships_contains_paid_content":false,"footnotes":"","_links_to":"","_links_to_target":""},"categories":[14,264],"tags":[305,495,9],"coauthors":[],"class_list":{"0":"post-10102","1":"post","2":"type-post","3":"status-publish","4":"format-standard","6":"category-salon-du-livre-7-a-lire-actu","7":"category-salon-du-livre-7-a-lire","8":"tag-negrepelisse","9":"tag-salon","10":"tag-salon-du-livre"},"jetpack_featured_media_url":"","jetpack_sharing_enabled":true,"_links":{"self":[{"href":"https:\/\/www.o-p-i.fr\/7alire\/wp-json\/wp\/v2\/posts\/10102","targetHints":{"allow":["GET"]}}],"collection":[{"href":"https:\/\/www.o-p-i.fr\/7alire\/wp-json\/wp\/v2\/posts"}],"about":[{"href":"https:\/\/www.o-p-i.fr\/7alire\/wp-json\/wp\/v2\/types\/post"}],"author":[{"embeddable":true,"href":"https:\/\/www.o-p-i.fr\/7alire\/wp-json\/wp\/v2\/users\/2"}],"replies":[{"embeddable":true,"href":"https:\/\/www.o-p-i.fr\/7alire\/wp-json\/wp\/v2\/comments?post=10102"}],"version-history":[{"count":3,"href":"https:\/\/www.o-p-i.fr\/7alire\/wp-json\/wp\/v2\/posts\/10102\/revisions"}],"predecessor-version":[{"id":10109,"href":"https:\/\/www.o-p-i.fr\/7alire\/wp-json\/wp\/v2\/posts\/10102\/revisions\/10109"}],"wp:attachment":[{"href":"https:\/\/www.o-p-i.fr\/7alire\/wp-json\/wp\/v2\/media?parent=10102"}],"wp:term":[{"taxonomy":"category","embeddable":true,"href":"https:\/\/www.o-p-i.fr\/7alire\/wp-json\/wp\/v2\/categories?post=10102"},{"taxonomy":"post_tag","embeddable":true,"href":"https:\/\/www.o-p-i.fr\/7alire\/wp-json\/wp\/v2\/tags?post=10102"},{"taxonomy":"author","embeddable":true,"href":"https:\/\/www.o-p-i.fr\/7alire\/wp-json\/wp\/v2\/coauthors?post=10102"}],"curies":[{"name":"wp","href":"https:\/\/api.w.org\/{rel}","templated":true}]}}