{"id":10344,"date":"2014-04-28T23:05:17","date_gmt":"2014-04-28T21:05:17","guid":{"rendered":"\/7alire\/?p=10344"},"modified":"2014-06-26T13:57:29","modified_gmt":"2014-06-26T11:57:29","slug":"trioc-47-au-grifol","status":"publish","type":"post","link":"https:\/\/www.o-p-i.fr\/7alire\/occitanie\/trioc-47-au-grifol\/","title":{"rendered":"La belugueta de TG\u2019OC vous informe : TRIOC 47 au Grifol"},"content":{"rendered":"<h4 style=\"text-align: justify;\">Humeurs clownesques et saveur d&rsquo;Oc<!--more--><\/h4>\n<p style=\"text-align: justify;\">\n<figure id=\"attachment_10352\" aria-describedby=\"caption-attachment-10352\" style=\"width: 251px\" class=\"wp-caption alignright\"><a href=\"https:\/\/www.o-p-i.fr\/7alire\/wp-content\/uploads\/clemance-caruana-clown.jpg\"><img loading=\"lazy\" decoding=\"async\" class=\"size-medium wp-image-10352\" title=\"Cl\u00e9mence Caruana \" src=\"https:\/\/www.o-p-i.fr\/7alire\/wp-content\/uploads\/clemance-caruana-clown-251x300.jpg\" alt=\"Cl\u00e9mence Caruana \" width=\"251\" height=\"300\" srcset=\"https:\/\/www.o-p-i.fr\/7alire\/wp-content\/uploads\/clemance-caruana-clown-251x300.jpg 251w, https:\/\/www.o-p-i.fr\/7alire\/wp-content\/uploads\/clemance-caruana-clown.jpg 600w\" sizes=\"auto, (max-width: 251px) 100vw, 251px\" \/><\/a><figcaption id=\"caption-attachment-10352\" class=\"wp-caption-text\">Cl\u00e9mence Caruana <\/figcaption><\/figure>\n<p>L&rsquo;ADOC Tarn &#8211; Ostal del Pa\u00efs occitan \u2013 pr\u00e9sente les \u0153uvres de Cl\u00e9mence Caruana<br \/>\nArtiste peinte autodidacte, Cl\u00e9mence Caruana travaille essentiellement l&rsquo;acrylique et joue avec les mati\u00e8res en utilisant gesso, sable, papier de soie froiss\u00e9&#8230; Dans son approche du cirque, Cl\u00e9mence Caruana jongle avec les couleurs. Ayant baign\u00e9 dans un univers artistique, entour\u00e9e d&rsquo;un p\u00e8re po\u00e8te et d&rsquo;un grand-p\u00e8re dessinateur, elle a\u00a0 toujours eu pinceau ou crayons en tout genre entre les doigts.<br \/>\nDepuis deux ans, elle expose dans diverses manifestations artistiques dans les alentours de Toulouse et d&rsquo;Albi. Elle est accueillie oar des associations motiv\u00e9es et amoureuses de l&rsquo;art et participe \u00e0 leurs expositions collectives. Ceci lui a valu quelques reconnaissances et prix qui la stimulent et l&rsquo;encouragent \u00e0 poursuivre son\u00a0 travail d&rsquo;artiste peintre. Des exp\u00e9riences intenses et vertigineuses lui ont permis de rencontrer de nouvelles techniques, divers peintres et questionnements. Voil\u00e0 la richesse d&rsquo;entreprendre et de faire ce qui lui pla\u00eet, ainsi que le go\u00fbt et le plaisir de partager.<br \/>\nLors du \u00ab 47\u00e8me TRIOC \u00bb du vendredi 2 mai au 30 mai 2014, Cl\u00e9mence Caruana pr\u00e9sentera une vingtaine de toiles color\u00e9es sur le th\u00e8me du cirque. Autant de portraits ou de sc\u00e8nes pittoresques, dr\u00f4les ou \u00e9mouvantes, \u00e9voquant la magie du cirque.<br \/>\nPour la contacter : Caruana Cl\u00e9mence<br \/>\nT\u00e9l. : 06 38 10 25 87.<br \/>\nMail : <a href=\"mailto:c.caruana@hotmail.fr\">c.caruana@hotmail.fr<\/a><br \/>\nSite internet : <a title=\"Ouvre le site dans une nouvelle fen\u00eatre\" href=\"http:\/\/caruanaclemence.canalblog.com\" target=\"_blank\">caruanaclemence.canalblog.com<\/a><\/p>\n<p style=\"text-align: justify;\">Les produits \u00e0 d\u00e9guster, du Pays occitan bien s\u00fbr, seront propos\u00e9s par :<br \/>\n<strong>&#8211; Le Domaine Salvy :<\/strong> producteur de vins AOC Gaillac. Du haut de ces coteaux pierreux qui surplombent La V\u00e8re, cinq g\u00e9n\u00e9rations ont h\u00e9rit\u00e9 du pr\u00e9cieux savoir faire de l&rsquo;a\u00efeul dont le pr\u00e9nom symbolise aujourd&rsquo;hui le domaine. Anne et Patrick cultivent 20 hectares de c\u00e9pages typiques de Gaillac. Ils vous accueillent aussi \u00e0 leur boutique de Cahuzac sur V\u00e8re.<br \/>\n<strong>&#8211; Lucie Chaudesaigues <\/strong>\u00e0 Puycalvel : de la charcuterie \u00e0 base de cochon noir de Gascogne.<br \/>\nT\u00e9l. : 06 78 40 43 39<\/p>\n<p style=\"text-align: justify;\"><strong>Exposition : <\/strong>du 2 au 30 mai 2014<\/p>\n<p style=\"text-align: justify;\"><strong>Ouverture :<\/strong> du lundi au vendredi de 14h\u00a0 \u00e0 18h<br \/>\n<strong>Vernissage\u00a0 : <\/strong>vendredi 2 mai\u00a0 2014 \u00e0 partir de  18 h 30<\/p>\n<p style=\"text-align: justify;\">Entr\u00e9e  libre et gratuite.<\/p>\n<p style=\"text-align: justify;\"><span style=\"color: #99cc00;\"><strong>Contact : <\/strong><\/span>\u00ab Lo Grifol \u00bb<br \/>\n3 rue Perotty (apr\u00e8s le pont Vieux, c\u00f4t\u00e9 La Madeleine)<br \/>\nAlbi.<\/p>\n<p style=\"text-align: justify;\">T\u00e9l. : 05 63 53 30 41<\/p>\n","protected":false},"excerpt":{"rendered":"<div class=\"mh-excerpt\">Humeurs clownesques et saveur d&rsquo;Oc<\/div>\n","protected":false},"author":2,"featured_media":0,"comment_status":"open","ping_status":"open","sticky":false,"template":"","format":"standard","meta":{"_jetpack_memberships_contains_paid_content":false,"footnotes":"","_links_to":"","_links_to_target":""},"categories":[266,10],"tags":[235,2414,419,8,284,1080],"coauthors":[],"class_list":{"0":"post-10344","1":"post","2":"type-post","3":"status-publish","4":"format-standard","6":"category-activites-occitanes","7":"category-occitanie","8":"tag-albi","9":"tag-clemence-caruana","10":"tag-expo","11":"tag-occitan","12":"tag-terroir","13":"tag-trioc"},"jetpack_featured_media_url":"","jetpack_sharing_enabled":true,"_links":{"self":[{"href":"https:\/\/www.o-p-i.fr\/7alire\/wp-json\/wp\/v2\/posts\/10344","targetHints":{"allow":["GET"]}}],"collection":[{"href":"https:\/\/www.o-p-i.fr\/7alire\/wp-json\/wp\/v2\/posts"}],"about":[{"href":"https:\/\/www.o-p-i.fr\/7alire\/wp-json\/wp\/v2\/types\/post"}],"author":[{"embeddable":true,"href":"https:\/\/www.o-p-i.fr\/7alire\/wp-json\/wp\/v2\/users\/2"}],"replies":[{"embeddable":true,"href":"https:\/\/www.o-p-i.fr\/7alire\/wp-json\/wp\/v2\/comments?post=10344"}],"version-history":[{"count":2,"href":"https:\/\/www.o-p-i.fr\/7alire\/wp-json\/wp\/v2\/posts\/10344\/revisions"}],"predecessor-version":[{"id":10720,"href":"https:\/\/www.o-p-i.fr\/7alire\/wp-json\/wp\/v2\/posts\/10344\/revisions\/10720"}],"wp:attachment":[{"href":"https:\/\/www.o-p-i.fr\/7alire\/wp-json\/wp\/v2\/media?parent=10344"}],"wp:term":[{"taxonomy":"category","embeddable":true,"href":"https:\/\/www.o-p-i.fr\/7alire\/wp-json\/wp\/v2\/categories?post=10344"},{"taxonomy":"post_tag","embeddable":true,"href":"https:\/\/www.o-p-i.fr\/7alire\/wp-json\/wp\/v2\/tags?post=10344"},{"taxonomy":"author","embeddable":true,"href":"https:\/\/www.o-p-i.fr\/7alire\/wp-json\/wp\/v2\/coauthors?post=10344"}],"curies":[{"name":"wp","href":"https:\/\/api.w.org\/{rel}","templated":true}]}}