{"id":10414,"date":"2014-05-20T18:02:26","date_gmt":"2014-05-20T16:02:26","guid":{"rendered":"\/7alire\/?p=10414"},"modified":"2014-06-26T13:56:46","modified_gmt":"2014-06-26T11:56:46","slug":"festif%e2%80%99oc-au-chateau-musee-du-cayla-a-andillac-81","status":"publish","type":"post","link":"https:\/\/www.o-p-i.fr\/7alire\/7-a-lire-actu\/festif%e2%80%99oc-au-chateau-musee-du-cayla-a-andillac-81\/","title":{"rendered":"La belugueta de TG\u2019OC vous informe :  FESTIF\u2019OC au Ch\u00e2teau-Mus\u00e9e du Cayla \u00e0 Andillac (81)"},"content":{"rendered":"<figure id=\"attachment_10415\" aria-describedby=\"caption-attachment-10415\" style=\"width: 140px\" class=\"wp-caption alignright\"><a href=\"https:\/\/www.o-p-i.fr\/7alire\/wp-content\/uploads\/festifoc.jpg\"><img loading=\"lazy\" decoding=\"async\" class=\"size-medium wp-image-10415\" title=\" FESTIF'OC - 24 MAI - ANDILLAC- CHATEAU CAYLA   \" src=\"https:\/\/www.o-p-i.fr\/7alire\/wp-content\/uploads\/festifoc-140x300.jpg\" alt=\" FESTIF'OC - 24 MAI - ANDILLAC- CHATEAU CAYLA   \" width=\"140\" height=\"300\" \/><\/a><figcaption id=\"caption-attachment-10415\" class=\"wp-caption-text\"> FESTIF&#39;OC - 24 MAI - ANDILLAC- CHATEAU CAYLA   <\/figcaption><\/figure>\n<p><strong>3\u00e8me \u00e9dition du \u00ab FESTIF\u2019OC \u00bb<\/strong>, journ\u00e9e de f\u00eate occitane\u00a0 se d\u00e9roulera le <strong>samedi 24 mai 2014<\/strong> de 11h \u00e0 19h au Ch\u00e2teau-Mus\u00e9e du Cayla \u00e0 Andillac.<\/p>\n<p>Vous trouverez ci-dessous et ci-joint le programme du FESTIF\u2019OC qui  nous fera voyager cette ann\u00e9e entre terres occitanes et contr\u00e9es nord-africaines avec :<\/p>\n<p>\u00a7  le concert du groupe occitano-marocain MOSA\u00cfCA : <a title=\"En savoir +\" href=\"http:\/\/www.orgetcom.net\/artistes\/mosaica\/\">http:\/\/www.orgetcom.net\/artistes\/mosaica\/<\/a><\/p>\n<p>\u00a7  la  conf\u00e9rence \u00ab LES ORIENTS D\u2019OCCITANIE \u00bb par Alem Surre-Garcia :  <a title=\"En savoir +\" href=\"http:\/\/www.orgetcom.net\/artistes\/alem-surre-garcia\/\" target=\"_blank\">http:\/\/www.orgetcom.net\/artistes\/alem-surre-garcia\/<\/a><\/p>\n<p>Producteurs tarnais, acteurs culturels et associations occitanes seront bien s\u00fbr pr\u00e9sents pour animer cette journ\u00e9e festive :  le march\u00e9 de producteurs permettra \u00e0 tous de se restaurer sur place tandis que la foire aux livres, les jeux anciens et les autres animations offriront aux petits comme aux grands des divertissements ludiques et culturels..<\/p>\n<p>L\u2019entr\u00e9e ainsi que les animations et le concerts du Festif\u2019oc sont gratuits et ouverts \u00e0 tout public.<\/p>\n<p><a href=\"https:\/\/www.o-p-i.fr\/7alire\/wp-content\/uploads\/festifoc2014_prog.pdf\">D\u00e9couvrez le programme complet ici !<\/a><\/p>\n<p>Ch\u00e2teau du Cayla<br \/>\n81140 Andillac<\/p>\n","protected":false},"excerpt":{"rendered":"<div class=\"mh-excerpt\">3\u00e8me \u00e9dition du \u00ab FESTIF\u2019OC \u00bb, journ\u00e9e de f\u00eate occitane\u00a0 se d\u00e9roulera le samedi 24 mai 2014 de 11h \u00e0 19h au Ch\u00e2teau-Mus\u00e9e du Cayla \u00e0 Andillac. Vous trouverez ci-dessous et ci-joint le programme du <a class=\"mh-excerpt-more\" href=\"https:\/\/www.o-p-i.fr\/7alire\/7-a-lire-actu\/festif%e2%80%99oc-au-chateau-musee-du-cayla-a-andillac-81\/\" title=\"La belugueta de TG\u2019OC vous informe :  FESTIF\u2019OC au Ch\u00e2teau-Mus\u00e9e du Cayla \u00e0 Andillac (81)\">[&#8230;]<\/a><\/div>\n","protected":false},"author":2,"featured_media":0,"comment_status":"open","ping_status":"open","sticky":false,"template":"","format":"standard","meta":{"_jetpack_memberships_contains_paid_content":false,"footnotes":"","_links_to":"","_links_to_target":""},"categories":[3,266,10],"tags":[1433,436,1430,2415,2155,496,8,3631],"coauthors":[],"class_list":{"0":"post-10414","1":"post","2":"type-post","3":"status-publish","4":"format-standard","6":"category-7-a-lire-actu","7":"category-activites-occitanes","8":"category-occitanie","9":"tag-andillac","10":"tag-concert","11":"tag-festival","12":"tag-festival-occitan","13":"tag-foire","14":"tag-livre","15":"tag-occitan","16":"tag-occitanie"},"jetpack_featured_media_url":"","jetpack_sharing_enabled":true,"_links":{"self":[{"href":"https:\/\/www.o-p-i.fr\/7alire\/wp-json\/wp\/v2\/posts\/10414","targetHints":{"allow":["GET"]}}],"collection":[{"href":"https:\/\/www.o-p-i.fr\/7alire\/wp-json\/wp\/v2\/posts"}],"about":[{"href":"https:\/\/www.o-p-i.fr\/7alire\/wp-json\/wp\/v2\/types\/post"}],"author":[{"embeddable":true,"href":"https:\/\/www.o-p-i.fr\/7alire\/wp-json\/wp\/v2\/users\/2"}],"replies":[{"embeddable":true,"href":"https:\/\/www.o-p-i.fr\/7alire\/wp-json\/wp\/v2\/comments?post=10414"}],"version-history":[{"count":2,"href":"https:\/\/www.o-p-i.fr\/7alire\/wp-json\/wp\/v2\/posts\/10414\/revisions"}],"predecessor-version":[{"id":10716,"href":"https:\/\/www.o-p-i.fr\/7alire\/wp-json\/wp\/v2\/posts\/10414\/revisions\/10716"}],"wp:attachment":[{"href":"https:\/\/www.o-p-i.fr\/7alire\/wp-json\/wp\/v2\/media?parent=10414"}],"wp:term":[{"taxonomy":"category","embeddable":true,"href":"https:\/\/www.o-p-i.fr\/7alire\/wp-json\/wp\/v2\/categories?post=10414"},{"taxonomy":"post_tag","embeddable":true,"href":"https:\/\/www.o-p-i.fr\/7alire\/wp-json\/wp\/v2\/tags?post=10414"},{"taxonomy":"author","embeddable":true,"href":"https:\/\/www.o-p-i.fr\/7alire\/wp-json\/wp\/v2\/coauthors?post=10414"}],"curies":[{"name":"wp","href":"https:\/\/api.w.org\/{rel}","templated":true}]}}