{"id":1066,"date":"2009-10-09T18:19:10","date_gmt":"2009-10-09T16:19:10","guid":{"rendered":"\/7alire\/?p=1066"},"modified":"2009-10-09T18:20:31","modified_gmt":"2009-10-09T16:20:31","slug":"les-rendez-vous-de-la-clairiere","status":"publish","type":"post","link":"https:\/\/www.o-p-i.fr\/7alire\/auteurs-contemporains\/%c2%a9-meiss-christiane\/les-rendez-vous-de-la-clairiere\/","title":{"rendered":"Les rendez-vous de la clairi\u00e8re"},"content":{"rendered":"<p style=\"text-align: justify;\"><span style=\"color: #666699;\"><em><\/p>\n<figure id=\"attachment_1068\" aria-describedby=\"caption-attachment-1068\" style=\"width: 200px\" class=\"wp-caption alignleft\"><em><img loading=\"lazy\" decoding=\"async\" class=\"size-full wp-image-1068\" title=\"Les rendez-vous de la clairi\u00e8re\" src=\"https:\/\/www.o-p-i.fr\/7alire\/wp-content\/uploads\/couv_clairiere.jpg\" alt=\"Les rendez-vous de la clairi\u00e8re\" width=\"200\" height=\"249\" \/><\/em><figcaption id=\"caption-attachment-1068\" class=\"wp-caption-text\">Les rendez-vous de la clairi\u00e8re<\/figcaption><\/figure>\n<p>\u00e0 la m\u00e9moire de Rapha\u00ebl, le fils disparu<\/em><\/span><\/p>\n<p style=\"text-align: justify;\">Sur le sentier d&rsquo;ombre et de lumi\u00e8re, une m\u00e8re se souvient &#8230;<\/p>\n<p style=\"text-align: justify;\">Devenu trajet initiatique, il offre \u00e0 travers quatre saisons, ce que la nature, en sa p\u00e9rennit\u00e9, poss\u00e8de de plus pr\u00e9cieux.<\/p>\n<p style=\"text-align: justify;\">L&rsquo;auteur magnifie le chant de la terre, invitant le temps au d\u00e9passement. Les mots r\u00e9sonnent dans une for\u00eat, tant\u00f4t repli\u00e9e en sa dormance ouat\u00e9e de l&rsquo;hiver, tant\u00f4t dans les sortil\u00e8ges irr\u00e9sistibles du renouveau.<\/p>\n<p style=\"text-align: justify;\">Le voyage se poursuit dans les promesses de jardins nouveaux. La seule fa\u00e7on, sans doute, pour l&rsquo;\u00eatre humain de se sentir vivant.<\/p>\n<p style=\"text-align: justify;\"><em><span style=\"color: #003366;\">Prix : 20\u20ac &#8211; Textes et illustrations : Christiane Meiss, 64 pages &#8211; 18\/22 cm &#8211; couv souple &#8211; ISBN 10 : 2-915146-13-6<\/span><\/em><\/p>\n","protected":false},"excerpt":{"rendered":"<div class=\"mh-excerpt\">\u00e0 la m\u00e9moire de Rapha\u00ebl, le fils disparu Sur le sentier d&rsquo;ombre et de lumi\u00e8re, une m\u00e8re se souvient &#8230; Devenu trajet initiatique, il offre \u00e0 travers quatre saisons, ce que la nature, en sa <a class=\"mh-excerpt-more\" href=\"https:\/\/www.o-p-i.fr\/7alire\/auteurs-contemporains\/%c2%a9-meiss-christiane\/les-rendez-vous-de-la-clairiere\/\" title=\"Les rendez-vous de la clairi\u00e8re\">[&#8230;]<\/a><\/div>\n","protected":false},"author":1,"featured_media":0,"comment_status":"open","ping_status":"open","sticky":false,"template":"","format":"standard","meta":{"_jetpack_memberships_contains_paid_content":false,"footnotes":"","_links_to":"","_links_to_target":""},"categories":[196],"tags":[197],"coauthors":[],"class_list":{"0":"post-1066","1":"post","2":"type-post","3":"status-publish","4":"format-standard","6":"category--meiss-christiane","7":"tag-christiane-meiss"},"jetpack_featured_media_url":"","jetpack_sharing_enabled":true,"_links":{"self":[{"href":"https:\/\/www.o-p-i.fr\/7alire\/wp-json\/wp\/v2\/posts\/1066","targetHints":{"allow":["GET"]}}],"collection":[{"href":"https:\/\/www.o-p-i.fr\/7alire\/wp-json\/wp\/v2\/posts"}],"about":[{"href":"https:\/\/www.o-p-i.fr\/7alire\/wp-json\/wp\/v2\/types\/post"}],"author":[{"embeddable":true,"href":"https:\/\/www.o-p-i.fr\/7alire\/wp-json\/wp\/v2\/users\/1"}],"replies":[{"embeddable":true,"href":"https:\/\/www.o-p-i.fr\/7alire\/wp-json\/wp\/v2\/comments?post=1066"}],"version-history":[{"count":3,"href":"https:\/\/www.o-p-i.fr\/7alire\/wp-json\/wp\/v2\/posts\/1066\/revisions"}],"predecessor-version":[{"id":1069,"href":"https:\/\/www.o-p-i.fr\/7alire\/wp-json\/wp\/v2\/posts\/1066\/revisions\/1069"}],"wp:attachment":[{"href":"https:\/\/www.o-p-i.fr\/7alire\/wp-json\/wp\/v2\/media?parent=1066"}],"wp:term":[{"taxonomy":"category","embeddable":true,"href":"https:\/\/www.o-p-i.fr\/7alire\/wp-json\/wp\/v2\/categories?post=1066"},{"taxonomy":"post_tag","embeddable":true,"href":"https:\/\/www.o-p-i.fr\/7alire\/wp-json\/wp\/v2\/tags?post=1066"},{"taxonomy":"author","embeddable":true,"href":"https:\/\/www.o-p-i.fr\/7alire\/wp-json\/wp\/v2\/coauthors?post=1066"}],"curies":[{"name":"wp","href":"https:\/\/api.w.org\/{rel}","templated":true}]}}