{"id":10681,"date":"2014-06-18T15:53:23","date_gmt":"2014-06-18T13:53:23","guid":{"rendered":"\/7alire\/?p=10681"},"modified":"2014-06-26T13:55:33","modified_gmt":"2014-06-26T11:55:33","slug":"lenga-viva-universite-occitane-d%e2%80%99ete-de-midi-pyrenees","status":"publish","type":"post","link":"https:\/\/www.o-p-i.fr\/7alire\/occitanie\/lenga-viva-universite-occitane-d%e2%80%99ete-de-midi-pyrenees\/","title":{"rendered":"La belugueta de TG\u2019OC vous informe : Lenga Viva,  Universit\u00e9 Occitane d\u2019\u00c9t\u00e9 de Midi-Pyr\u00e9n\u00e9es."},"content":{"rendered":"<p><strong>Du 7 au 12 Juillet 2014 \u00e0 Lagu\u00e9pie (82)<\/strong><\/p>\n<table border=\"1\" cellspacing=\"0\" cellpadding=\"0\" width=\"100%\">\n<tbody>\n<tr>\n<td width=\"62\" valign=\"top\">\n<p align=\"center\">\n<\/td>\n<td width=\"157\" valign=\"top\">\n<p align=\"center\"><strong>Lundi 7<\/strong><\/p>\n<\/td>\n<td width=\"158\" valign=\"top\">\n<p align=\"center\"><strong>Mardi 8 <\/strong><\/p>\n<\/td>\n<td width=\"163\" valign=\"top\">\n<p align=\"center\"><strong>Mercredi 9<\/strong><\/p>\n<\/td>\n<td width=\"160\" valign=\"top\">\n<p align=\"center\"><strong>Jeudi 10<\/strong><\/p>\n<\/td>\n<td width=\"162\" valign=\"top\">\n<p align=\"center\"><strong>Vendredi 11 Juillet<\/strong><\/p>\n<\/td>\n<td width=\"174\" valign=\"top\">\n<p align=\"center\"><strong>Samedi 12 Juillet<\/strong><\/p>\n<\/td>\n<\/tr>\n<tr>\n<td width=\"62\" valign=\"top\">\n<p align=\"center\">\n<p align=\"center\"><strong>9h<\/strong><\/p>\n<p><strong>\u00e0<\/strong><\/p>\n<p><strong>12h<\/strong><\/td>\n<td width=\"157\" valign=\"top\">&#8211;<span style=\"color: #993300;\"><strong>Cours de Langue<\/strong><\/span><\/p>\n<p><em>4 niveaux<\/em><\/p>\n<p>&#8211;<span style=\"color: #ff6600;\"><strong>Atelier    traduction<\/strong><\/span><\/p>\n<p><em>fran\u00e7ais \u2192    occitan avec Serges CARLES et Claude SICRE: texte de Jean Jaur\u00e8s<\/em><\/p>\n<p><span style=\"text-decoration: underline;\">\u00c9cole<\/span><\/td>\n<td width=\"158\" valign=\"top\">&#8211;<span style=\"color: #993300;\"><strong>Cours de Langue<\/strong><\/span><\/p>\n<p>&#8211;<span style=\"color: #ff6600;\"><strong>Atelier traduction<\/strong><\/span><\/p>\n<p><em>textes de    Jean Jaur\u00e8s et chansons<\/em><\/p>\n<p><span style=\"text-decoration: underline;\">\u00c9cole<\/span><\/td>\n<td width=\"163\" valign=\"top\">&#8211;<span style=\"color: #993300;\"><strong>Cours de Langue<\/strong><\/span><\/p>\n<p>&#8211;<strong>Atelier proven\u00e7al <\/strong><\/p>\n<p><em>avec Roland    PECOUT : oralit\u00e9 et \u00e9criture litt\u00e9raire et journalistique<\/em><\/p>\n<p><span style=\"text-decoration: underline;\">\u00c9cole<\/span><\/td>\n<td width=\"160\" valign=\"top\">&#8211;<span style=\"color: #993300;\"><strong>Cours de Langue<\/strong><\/span><\/p>\n<p>&#8211;<strong>Atelier proven\u00e7al<\/strong><\/p>\n<p><em>avec Roland    PECOUT : oralit\u00e9 et \u00e9criture litt\u00e9raire et journalistique<\/em><\/p>\n<p><span style=\"text-decoration: underline;\">\u00c9cole<\/span><\/td>\n<td width=\"162\" valign=\"top\">&#8211;<span style=\"color: #993300;\"><strong>Cours de Langue<\/strong><\/span><\/p>\n<p>&#8211;<strong><span style=\"color: #ff6600;\">Atelier traduction<\/span> <\/strong><em>accro\u00eetre les comp\u00e9tence en occitan avec la litt\u00e9rature et avec les    locuteurs natifs<\/em><\/p>\n<p><span style=\"text-decoration: underline;\">\u00c9cole<\/span><\/td>\n<td width=\"174\" valign=\"top\">&#8211;<strong>March\u00e9 <\/strong><em>(\u00e0 partir de 10h) en    occitan avec des producteurs locaux<\/em><\/p>\n<p><span style=\"text-decoration: underline;\">Place du Foirail<\/span><\/td>\n<\/tr>\n<tr>\n<td width=\"62\" valign=\"top\">\n<p align=\"center\"><strong>12h \u00e0<\/strong><\/p>\n<p><strong>14h30<\/strong><\/td>\n<td width=\"157\" valign=\"top\"><\/td>\n<td width=\"158\" valign=\"top\"><\/td>\n<td width=\"163\" valign=\"top\"><\/td>\n<td width=\"160\" valign=\"top\">Pique-nique optionnel avec l\u2019asso. Citrus<\/td>\n<td width=\"162\" valign=\"top\"><\/td>\n<td width=\"174\" valign=\"top\">Repas des producteurs sur la place<\/td>\n<\/tr>\n<tr>\n<td width=\"62\" valign=\"top\">\n<p align=\"center\">\n<p align=\"center\"><strong>14h30<\/strong><\/p>\n<p><strong>\u00e0<\/strong><\/p>\n<p><strong>17h<\/strong><\/td>\n<td width=\"157\" valign=\"top\">&#8211;<span style=\"color: #0000ff;\"><strong>Conf\u00e9rence <\/strong><\/span><strong> <\/strong><em>\u201clitt\u00e9rature orale, les    collectes du XIXe<\/em><\/p>\n<p><em>et Antonin    Perbosc\u201d<\/em><\/p>\n<p><em>avec Josiane    BRU<\/em><\/p>\n<p><span style=\"text-decoration: underline;\">SDF<\/span><\/p>\n<p>&#8211;<span style=\"color: #008000;\"><strong>Atelier dub<\/strong><\/span><\/p>\n<p><span style=\"text-decoration: underline;\">\u00c9cole<\/span><\/td>\n<td width=\"158\" valign=\"top\">&#8211;<span style=\"color: #0000ff;\"><strong>Conf\u00e9rence<\/strong><\/span><\/p>\n<p><em>\u201cFr\u00e9d\u00e9ric    MISTRAL est-il (de nouveau) d\u2019actualit\u00e9?\u201d avec Roland PECOUT et Michel    BUISSON<\/em><\/p>\n<p><span style=\"text-decoration: underline;\">SDF<\/span><\/p>\n<p>&#8211;<span style=\"color: #008000;\"><strong>Atelier dub<\/strong><\/span><\/p>\n<p><span style=\"text-decoration: underline;\">\u00c9cole<\/span><\/td>\n<td width=\"163\" valign=\"top\">&#8211;<span style=\"color: #ff6600;\"><strong>Atelier traduction<\/strong><\/span><\/p>\n<p><em>chansons et    discussion sur le film \u201cSounder\u201d: sous-titrage et \u00e9dition-diffusion<\/em><\/p>\n<p><span style=\"text-decoration: underline;\">\u00c9cole<\/span><\/p>\n<p>&#8211;<strong>Promenade onomastique<\/strong><\/p>\n<p><em>avec    Christian-Pierre BEDEL<\/em><\/td>\n<td width=\"160\" valign=\"top\">&#8211;<span style=\"color: #ff6600;\"><strong>Atelier traduction<\/strong><\/span><\/p>\n<p><span style=\"text-decoration: underline;\">\u00c9cole<\/span><\/p>\n<p>&#8211;<span style=\"color: #0000ff;\"><strong>Conf\u00e9rence<\/strong><\/span><\/p>\n<p><em>en anglais de    Patrick HUTCHINSON \u201cd\u00e9couverte de la langue et de la civilisation occitane    pour les anglophones\u201d<\/em><\/p>\n<p><span style=\"text-decoration: underline;\">SDF<\/span><\/td>\n<td width=\"162\" valign=\"top\">&#8211;<span style=\"color: #0000ff;\"><strong>Conf\u00e9rence<\/strong><br \/>\n<\/span><br \/>\n<em>\u201cl\u2019\u00e9cole et    l\u2019occitan en Aveyron\u201d avec Christian-Pierre BEDEL<\/em><\/p>\n<p><span style=\"text-decoration: underline;\">SDF<\/span><\/td>\n<td width=\"174\" valign=\"top\">&#8211;<strong>Racontes, lectures, t\u00e9moignages<\/strong> en occitan<\/p>\n<p>&#8211;<strong>Th\u00e9\u00e2tre<\/strong> <em>16h avec \u201cCantinon e    Jacobin en bicicleta\u201d<\/em><\/p>\n<p><span style=\"text-decoration: underline;\">Foirail<\/span><\/td>\n<\/tr>\n<tr>\n<td width=\"62\" valign=\"top\">\n<p align=\"center\"><strong>17h30<\/strong><\/p>\n<p><strong>\u00e0<\/strong><\/p>\n<p><strong>18h30<\/strong><\/td>\n<td width=\"157\" valign=\"top\"><strong><span style=\"color: #cc99ff;\">Atelier de danse<\/span> <\/strong><em>traditionnelles avec Corine GIACOMELLO<\/em><\/p>\n<p><span style=\"text-decoration: underline;\">SDF<\/span><\/p>\n<p><strong>17 \u00e0 18h: r\u00e9union<\/strong><em> d\u2019info sur les \u00e9coles de    musiques<\/em><\/p>\n<p><strong>18h: inauguration<\/strong><\/td>\n<td width=\"158\" valign=\"top\"><strong><span style=\"color: #cc99ff;\">Atelier de danse<\/span> <\/strong><em>traditionnelles avec Corine GIACOMELLO<\/em><\/p>\n<p><span style=\"text-decoration: underline;\">SDF<\/span><\/td>\n<td width=\"163\" valign=\"top\"><strong>Entretien<\/strong><strong> <\/strong><em>en occitan \u00e0 la gare de Lagu\u00e9pie avec Francis FAYRET, cheminot \u00e0    Lexos <\/em><\/td>\n<td width=\"160\" valign=\"top\"><strong><span style=\"color: #cc99ff;\">Atelier de danse<\/span> <\/strong><em>new-occitanes avec Flore SICRE<\/em><\/p>\n<p><span style=\"text-decoration: underline;\">SDF<\/span><\/p>\n<p><strong>Table ronde<\/strong><strong> <\/strong><em>(18-20h) sur Jean JAUR\u00c8S avec R\u00e9mi PECH, Jean-Jacques ROUCH et    l\u2019association AJET d\u2019Albi<\/em><\/td>\n<td width=\"162\" valign=\"top\"><span style=\"color: #cc99ff;\"><strong>Atelier de danse <\/strong><\/span><em>new-occitanes avec Flore SICRE<\/em><\/p>\n<p><span style=\"text-decoration: underline;\">SDF<\/span><\/td>\n<td width=\"174\" valign=\"top\"><strong>Concours<\/strong> <em>d\u2019histoires dr\u00f4les en langue d\u2019\u00f2c<\/em><\/p>\n<p><em>1er Prix:    500\u20ac<\/em><\/p>\n<p><span style=\"text-decoration: underline;\">Place du Foirail<\/span><\/td>\n<\/tr>\n<tr>\n<td width=\"62\" valign=\"top\">\n<p align=\"center\"><strong>18h30<\/strong><\/p>\n<p><strong>\u00e0<\/strong><\/p>\n<p><strong>19h30<\/strong><\/td>\n<td width=\"157\" valign=\"top\">&#8211;<span style=\"color: #800080;\"><strong>Ap\u00e9ro-concert<\/strong><\/span><strong> <\/strong><em>avec<\/em><\/p>\n<p><em>Christian    BOUYGUES<\/em><\/p>\n<p>&#8211;<strong>Soir\u00e9e Pizza <\/strong><span style=\"text-decoration: underline;\">au bord du viaur<\/span><\/td>\n<td width=\"158\" valign=\"top\"><span style=\"color: #800080;\"><strong>Ap\u00e9ro-concert<\/strong><\/span><strong> <\/strong><em>avec Papet J (Massilia    Sound System)<\/em><\/p>\n<p><span style=\"text-decoration: underline;\">Bar du Viaur<\/span><\/td>\n<td width=\"163\" valign=\"top\"><span style=\"color: #800080;\"><strong>Ap\u00e9ro-concert <\/strong><\/span><em>avec Mauresca ainsi qu\u2019avec leur nouveau projet Doctors de Trobar<\/em><\/p>\n<p><strong>[<\/strong><span style=\"text-decoration: underline;\">Fast Fou?<\/span><strong>]<\/strong><\/td>\n<td width=\"160\" valign=\"top\"><strong>[<span style=\"color: #800080;\">Ap\u00e9ro-concert<\/span><\/strong><strong> <\/strong>avec Manu th\u00e9ron<\/p>\n<p><span style=\"text-decoration: underline;\">l\u2019oustal<strong>]<\/strong><\/span><\/td>\n<td width=\"162\" valign=\"top\"><\/td>\n<td width=\"174\" valign=\"top\"><span style=\"color: #800080;\"><strong>Ap\u00e9ro-concert<\/strong><strong> <\/strong><\/span><em>avec<\/em><\/p>\n<p><em>Bassacada    (Bal traditionnel)<\/em><\/p>\n<p><span style=\"text-decoration: underline;\">Le Troubadour<\/span><\/td>\n<\/tr>\n<tr>\n<td width=\"62\" valign=\"top\">\n<p align=\"center\"><strong>d\u00e8s 21h<\/strong><\/p>\n<\/td>\n<td width=\"157\" valign=\"top\"><strong>Soir\u00e9e<\/strong> \u201cRaconte-moi\u201d<\/p>\n<p><em>les    stagiaires et invit\u00e9s pr\u00e9parent un texte \u00e0 dire, \u00e0 lire ou \u00e0 chanter<\/em><\/p>\n<p><span style=\"text-decoration: underline;\">au bord du viaur<\/span><\/td>\n<td width=\"158\" valign=\"top\">&#8211;<strong>Film<\/strong> <em>\u201cSounder\u201d    (USA 1971) sous-titr\u00e9 en occitan et conversation avec Marie-Pierre VERNIERES,    Serge CARLES et CLaude SICRE<\/em><\/p>\n<p><span style=\"text-decoration: underline;\">plage<\/span><\/p>\n<p>&#8211;<span style=\"color: #800080;\"><strong>Mix dub<\/strong><\/span> <em>avec Papet    J \u00e0 23h <\/em><span style=\"text-decoration: underline;\">Base de loisir<\/span><\/td>\n<td width=\"163\" valign=\"top\">&#8211;<span style=\"color: #800080;\"><strong>Concert<\/strong><\/span><strong> <\/strong><em>avec N\u00f2u S\u00f2rres Tri\u00f2 \u00e0 l\u2019Eglise de Lez<\/em><\/p>\n<p>&#8211;<strong>Film<\/strong><em>:<\/em><em> \u201cTroubadours en voyage    occitan\u201d<\/em><\/p>\n<p><span style=\"text-decoration: underline;\">SDF<\/span><\/td>\n<td width=\"160\" valign=\"top\"><strong>Film:<\/strong><strong> <\/strong><em>\u201cQu\u2019allez vous faire de vos 20 ans\u201d<\/em><\/p>\n<p><em>documentaire    de Daniel VIGNES sur Jean Jaur\u00e8s,\u00a0 puis    conversation avec le r\u00e9alisateur et les invit\u00e9s<\/em><\/p>\n<p><span style=\"text-decoration: underline;\">Plage en face du chateau<\/span><\/td>\n<td width=\"162\" valign=\"top\"><span style=\"color: #800080;\"><strong>Bal pour tous<\/strong><\/span> <em>avec les Bombes 2 Bal et leurs invit\u00e9s: Manu Th\u00e9ron, Arnaud Cance et    d\u2019autres encore\u2026<\/em><a title=\"Cliquez pour acc\u00e9der \u00e0 l'article dans 7 \u00e0 lire  !\" href=\"https:\/\/www.o-p-i.fr\/7alire\/occitanie\/activites-occitanes\/la-belugueta-de-tgoc-vous-informe-les-bombes-2-bal-a-laguepie\/\">En savoir +<\/a><\/p>\n<p><span style=\"text-decoration: underline;\">Foirail<\/span><\/td>\n<td width=\"174\" valign=\"top\"><strong>Remise des prix du concours<\/strong><\/p>\n<p><strong>Soir\u00e9e <\/strong><em>les laur\u00e9ats et leurs    invit\u00e9s et<\/em><\/p>\n<p><em>avec    Bassacada<\/em><\/p>\n<p><span style=\"text-decoration: underline;\">Place du Foirail<\/span><\/td>\n<\/tr>\n<\/tbody>\n<\/table>\n<p><span style=\"color: #99cc00;\"><strong>Contact : <\/strong> <\/span>Lenga Viva<br \/>\nMairie<br \/>\n82 250 LAGU\u00c9PIE<br \/>\nT\u00e9l. : 06 16 34 75 97<br \/>\nCourriel : <a href=\"mailto:lengaviva2@gmail.com\">lengaviva2@gmail.com<\/a><\/p>\n","protected":false},"excerpt":{"rendered":"<div class=\"mh-excerpt\">Du 7 au 12 Juillet 2014 \u00e0 Lagu\u00e9pie (82) Lundi 7 Mardi 8 Mercredi 9 Jeudi 10 Vendredi 11 Juillet Samedi 12 Juillet 9h \u00e0 12h &#8211;Cours de Langue 4 niveaux &#8211;Atelier traduction fran\u00e7ais \u2192 <a class=\"mh-excerpt-more\" href=\"https:\/\/www.o-p-i.fr\/7alire\/occitanie\/lenga-viva-universite-occitane-d%e2%80%99ete-de-midi-pyrenees\/\" title=\"La belugueta de TG\u2019OC vous informe : Lenga Viva,  Universit\u00e9 Occitane d\u2019\u00c9t\u00e9 de Midi-Pyr\u00e9n\u00e9es.\">[&#8230;]<\/a><\/div>\n","protected":false},"author":2,"featured_media":0,"comment_status":"open","ping_status":"open","sticky":false,"template":"","format":"standard","meta":{"_jetpack_memberships_contains_paid_content":false,"footnotes":"","_links_to":"","_links_to_target":""},"categories":[266,10],"tags":[1652,436,426,1002,1003,2517],"coauthors":[],"class_list":{"0":"post-10681","1":"post","2":"type-post","3":"status-publish","4":"format-standard","6":"category-activites-occitanes","7":"category-occitanie","8":"tag-atelier","9":"tag-concert","10":"tag-cours","11":"tag-laguepie","12":"tag-lenga-viva","13":"tag-universite-occitane-dete"},"jetpack_featured_media_url":"","jetpack_sharing_enabled":true,"_links":{"self":[{"href":"https:\/\/www.o-p-i.fr\/7alire\/wp-json\/wp\/v2\/posts\/10681","targetHints":{"allow":["GET"]}}],"collection":[{"href":"https:\/\/www.o-p-i.fr\/7alire\/wp-json\/wp\/v2\/posts"}],"about":[{"href":"https:\/\/www.o-p-i.fr\/7alire\/wp-json\/wp\/v2\/types\/post"}],"author":[{"embeddable":true,"href":"https:\/\/www.o-p-i.fr\/7alire\/wp-json\/wp\/v2\/users\/2"}],"replies":[{"embeddable":true,"href":"https:\/\/www.o-p-i.fr\/7alire\/wp-json\/wp\/v2\/comments?post=10681"}],"version-history":[{"count":3,"href":"https:\/\/www.o-p-i.fr\/7alire\/wp-json\/wp\/v2\/posts\/10681\/revisions"}],"predecessor-version":[{"id":10683,"href":"https:\/\/www.o-p-i.fr\/7alire\/wp-json\/wp\/v2\/posts\/10681\/revisions\/10683"}],"wp:attachment":[{"href":"https:\/\/www.o-p-i.fr\/7alire\/wp-json\/wp\/v2\/media?parent=10681"}],"wp:term":[{"taxonomy":"category","embeddable":true,"href":"https:\/\/www.o-p-i.fr\/7alire\/wp-json\/wp\/v2\/categories?post=10681"},{"taxonomy":"post_tag","embeddable":true,"href":"https:\/\/www.o-p-i.fr\/7alire\/wp-json\/wp\/v2\/tags?post=10681"},{"taxonomy":"author","embeddable":true,"href":"https:\/\/www.o-p-i.fr\/7alire\/wp-json\/wp\/v2\/coauthors?post=10681"}],"curies":[{"name":"wp","href":"https:\/\/api.w.org\/{rel}","templated":true}]}}