{"id":10740,"date":"2015-08-20T11:19:48","date_gmt":"2015-08-20T09:19:48","guid":{"rendered":"\/7alire\/?p=10740"},"modified":"2015-08-20T11:47:46","modified_gmt":"2015-08-20T09:47:46","slug":"nicolas-bouvier-biographie","status":"publish","type":"post","link":"https:\/\/www.o-p-i.fr\/7alire\/7-a-lire-actu\/nicolas-bouvier-biographie\/","title":{"rendered":"Nicolas BOUVIER. Biographie."},"content":{"rendered":"<figure id=\"attachment_13275\" aria-describedby=\"caption-attachment-13275\" style=\"width: 250px\" class=\"wp-caption alignleft\"><a href=\"https:\/\/www.o-p-i.fr\/7alire\/wp-content\/uploads\/nicolasbouvier1.jpg\"><img loading=\"lazy\" decoding=\"async\" class=\"size-full wp-image-13275\" src=\"https:\/\/www.o-p-i.fr\/7alire\/wp-content\/uploads\/nicolasbouvier1.jpg\" alt=\"Nicolas BOUVIER.\" width=\"250\" height=\"344\" srcset=\"https:\/\/www.o-p-i.fr\/7alire\/wp-content\/uploads\/nicolasbouvier1.jpg 250w, https:\/\/www.o-p-i.fr\/7alire\/wp-content\/uploads\/nicolasbouvier1-218x300.jpg 218w\" sizes=\"auto, (max-width: 250px) 100vw, 250px\" \/><\/a><figcaption id=\"caption-attachment-13275\" class=\"wp-caption-text\">Nicolas BOUVIER.<\/figcaption><\/figure>\n<p style=\"text-align: justify;\">Nicolas Bouvier est un \u00e9crivain Fran\u00e7ais n\u00e9 le 21 septembre 1990 et engag\u00e9 contre le harc\u00e8lement \u00e0 l&rsquo;\u00e9cole (en ayant \u00e9t\u00e9 victime au coll\u00e8ge de 2001 \u00e0 2005).<\/p>\n<p style=\"text-align: justify;\">Ayant commenc\u00e9 \u00e0 \u00e9crire des po\u00e8mes \u00e0 l&rsquo;\u00e2ge de 16 ans, il s&rsquo;est lanc\u00e9 dans l&rsquo;\u00e9criture \u00e0 17 ans, juste apr\u00e8s avoir obtenu son baccalaur\u00e9at litt\u00e9raire. Le m\u00e9tier d&rsquo;\u00e9crivain devient alors pour lui une vocation et il publiera d\u00e8s 2011 son premier roman \u00ab\u00a0Sentiments Partag\u00e9s\u00a0\u00bb aux \u00c9ditions Les Pr\u00e9cieuses \u00c9critures, une association cr\u00e9\u00e9e par ses parents \u00e0 d\u00e9faut d&rsquo;avoir trouv\u00e9 un \u00e9diteur.<\/p>\n<p style=\"text-align: justify;\">Cr\u00e9ateur d&rsquo;une p\u00e9tition nationale contre le harc\u00e8lement scolaire en 2012 et r\u00e9dacteur d&rsquo;une lettre ouverte au ministre Vincent Peillon, il lutte au quotidien pour le bien-\u00eatre des jeunes \u00e0 l&rsquo;\u00e9cole.<\/p>\n<p style=\"text-align: justify;\"><strong>Bibliographie :<\/strong><br \/>\n\u00ab\u00a0Sentiments Partag\u00e9s\u00a0\u00bb 2011, Les Pr\u00e9cieuses \u00c9critures<br \/>\n\u00ab\u00a0Scrupules\u00a0\u00bb 2012, Les Pr\u00e9cieuses \u00c9critures<br \/>\n\u00ab\u00a0Renaissance\u00a0\u00bb 2013, Les Pr\u00e9cieuses \u00c9critures<br \/>\n\u00ab\u00a0Une famille en danger\u00a0\u00bb 2014, Les Pr\u00e9cieuses \u00c9critures<\/p>\n<p style=\"text-align: justify;\"><span style=\"color: #99cc00;\"><strong>Contact : <\/strong><\/span><br \/>\nSite : <a title=\"Ouvre le site dans une nouvelle fen\u00eatre\" href=\"http:\/\/nicolas-bouvier.tk\/\" target=\"_blank\">http:\/\/nicolas-bouvier.tk\/<\/a><\/p>\n","protected":false},"excerpt":{"rendered":"<div class=\"mh-excerpt\">Nicolas Bouvier est un \u00e9crivain Fran\u00e7ais n\u00e9 le 21 septembre 1990 et engag\u00e9 contre le harc\u00e8lement \u00e0 l&rsquo;\u00e9cole (en ayant \u00e9t\u00e9 victime au coll\u00e8ge de 2001 \u00e0 2005). Ayant commenc\u00e9 \u00e0 \u00e9crire des po\u00e8mes \u00e0 <a class=\"mh-excerpt-more\" href=\"https:\/\/www.o-p-i.fr\/7alire\/7-a-lire-actu\/nicolas-bouvier-biographie\/\" title=\"Nicolas BOUVIER. Biographie.\">[&#8230;]<\/a><\/div>\n","protected":false},"author":3,"featured_media":0,"comment_status":"open","ping_status":"open","sticky":false,"template":"","format":"standard","meta":{"_jetpack_memberships_contains_paid_content":false,"footnotes":"","_links_to":"","_links_to_target":""},"categories":[2530,3],"tags":[381,2528,2531,2529,3641],"coauthors":[],"class_list":{"0":"post-10740","1":"post","2":"type-post","3":"status-publish","4":"format-standard","6":"category--bouvier-nicolas","7":"category-7-a-lire-actu","8":"tag-ecrivain","9":"tag-harcelement-scolaire","10":"tag-nicolas-bouvier","11":"tag-petition","12":"tag-roman"},"jetpack_featured_media_url":"","jetpack_sharing_enabled":true,"_links":{"self":[{"href":"https:\/\/www.o-p-i.fr\/7alire\/wp-json\/wp\/v2\/posts\/10740","targetHints":{"allow":["GET"]}}],"collection":[{"href":"https:\/\/www.o-p-i.fr\/7alire\/wp-json\/wp\/v2\/posts"}],"about":[{"href":"https:\/\/www.o-p-i.fr\/7alire\/wp-json\/wp\/v2\/types\/post"}],"author":[{"embeddable":true,"href":"https:\/\/www.o-p-i.fr\/7alire\/wp-json\/wp\/v2\/users\/3"}],"replies":[{"embeddable":true,"href":"https:\/\/www.o-p-i.fr\/7alire\/wp-json\/wp\/v2\/comments?post=10740"}],"version-history":[{"count":6,"href":"https:\/\/www.o-p-i.fr\/7alire\/wp-json\/wp\/v2\/posts\/10740\/revisions"}],"predecessor-version":[{"id":13277,"href":"https:\/\/www.o-p-i.fr\/7alire\/wp-json\/wp\/v2\/posts\/10740\/revisions\/13277"}],"wp:attachment":[{"href":"https:\/\/www.o-p-i.fr\/7alire\/wp-json\/wp\/v2\/media?parent=10740"}],"wp:term":[{"taxonomy":"category","embeddable":true,"href":"https:\/\/www.o-p-i.fr\/7alire\/wp-json\/wp\/v2\/categories?post=10740"},{"taxonomy":"post_tag","embeddable":true,"href":"https:\/\/www.o-p-i.fr\/7alire\/wp-json\/wp\/v2\/tags?post=10740"},{"taxonomy":"author","embeddable":true,"href":"https:\/\/www.o-p-i.fr\/7alire\/wp-json\/wp\/v2\/coauthors?post=10740"}],"curies":[{"name":"wp","href":"https:\/\/api.w.org\/{rel}","templated":true}]}}