{"id":10759,"date":"2014-07-22T14:42:30","date_gmt":"2014-07-22T12:42:30","guid":{"rendered":"\/7alire\/?p=10759"},"modified":"2022-02-07T19:30:33","modified_gmt":"2022-02-07T17:30:33","slug":"ilio-et-les-montagnes-de-nectar-livre-jeunesse-delisabeth-valery","status":"publish","type":"post","link":"https:\/\/www.o-p-i.fr\/7alire\/7-a-lire-actu\/ilio-et-les-montagnes-de-nectar-livre-jeunesse-delisabeth-valery\/","title":{"rendered":"\u00ab\u00a0Ilio et les montagnes de nectar\u00a0\u00bb  Livre jeunesse d&rsquo;Elisabeth VALERY"},"content":{"rendered":"<figure id=\"attachment_10774\" aria-describedby=\"caption-attachment-10774\" style=\"width: 425px\" class=\"wp-caption alignleft\"><a href=\"https:\/\/www.o-p-i.fr\/7alire\/wp-content\/uploads\/couv_ilioetlesmontagnes.jpg\"><img loading=\"lazy\" decoding=\"async\" class=\"wp-image-10774\" title=\"Ilio et les montagnes de nectar. Elisabeth VALERY\" src=\"https:\/\/www.o-p-i.fr\/7alire\/wp-content\/uploads\/couv_ilioetlesmontagnes.jpg\" alt=\"Ilio et les montagnes de nectar. Elisabeth VALERY\" width=\"425\" height=\"525\" \/><\/a><figcaption id=\"caption-attachment-10774\" class=\"wp-caption-text\">Ilio et les montagnes de nectar. Elisabeth VALERY<\/figcaption><\/figure>\n<p style=\"text-align: justify;\">L&rsquo;histoire se passe dans quelques millions d&rsquo;ann\u00e9es. La terre a \u00e9t\u00e9 d\u00e9vast\u00e9e par de gigantesques cataclysmes. Seules subsistent quelques maigres plantes, et une colonie de papillons. Afin de ne pas mourir, ils d\u00e9cident d&rsquo;aller voir ailleurs.<br \/>\nA l&rsquo;aide de leurs pattes devenues g\u00e9antes et munies de tampons, ils d\u00e9crochent un morceau de la vo\u00fbte c\u00e9leste. Ils d\u00e9couvrent, alors, le monde des nectars. De dr\u00f4les d&rsquo;habitants les y attendent, et leurs r\u00e9servent bien des surprises.<\/p>\n<p><span style=\"color: #003366;\"><em>N\u00b0 ISBN: 9 782915832488\u00a0 &#8211; Prix : 7 \u20ac<\/em><\/span><\/p>\n<blockquote><p>En vente dans les librairies Guillot et Transparence \u00e0 Albi et au mus\u00e9e de bois et du jouet d&rsquo;Hautpoul, \u00e0 Mazamet.<\/p><\/blockquote>\n","protected":false},"excerpt":{"rendered":"<div class=\"mh-excerpt\">L&rsquo;histoire se passe dans quelques millions d&rsquo;ann\u00e9es. La terre a \u00e9t\u00e9 d\u00e9vast\u00e9e par de gigantesques cataclysmes. Seules subsistent quelques maigres plantes, et une colonie de papillons. Afin de ne pas mourir, ils d\u00e9cident d&rsquo;aller voir <a class=\"mh-excerpt-more\" href=\"https:\/\/www.o-p-i.fr\/7alire\/7-a-lire-actu\/ilio-et-les-montagnes-de-nectar-livre-jeunesse-delisabeth-valery\/\" title=\"\u00ab\u00a0Ilio et les montagnes de nectar\u00a0\u00bb  Livre jeunesse d&rsquo;Elisabeth VALERY\">[&#8230;]<\/a><\/div>\n","protected":false},"author":3,"featured_media":0,"comment_status":"open","ping_status":"open","sticky":false,"template":"","format":"standard","meta":{"_jetpack_memberships_contains_paid_content":false,"footnotes":"","_links_to":"","_links_to_target":""},"categories":[2554,66,3,4,77],"tags":[2555,217,2539,2538,2537],"coauthors":[],"class_list":{"0":"post-10759","1":"post","2":"type-post","3":"status-publish","4":"format-standard","6":"category--valery-elisabeth","7":"category-7-a-lire-pour-les-enfants","8":"category-7-a-lire-actu","9":"category-auteurs-contemporains","10":"category-conte","11":"tag-cataclysme","12":"tag-livre-jeunesse","13":"tag-nectar","14":"tag-papillon","15":"tag-plante"},"jetpack_featured_media_url":"","jetpack_sharing_enabled":true,"_links":{"self":[{"href":"https:\/\/www.o-p-i.fr\/7alire\/wp-json\/wp\/v2\/posts\/10759","targetHints":{"allow":["GET"]}}],"collection":[{"href":"https:\/\/www.o-p-i.fr\/7alire\/wp-json\/wp\/v2\/posts"}],"about":[{"href":"https:\/\/www.o-p-i.fr\/7alire\/wp-json\/wp\/v2\/types\/post"}],"author":[{"embeddable":true,"href":"https:\/\/www.o-p-i.fr\/7alire\/wp-json\/wp\/v2\/users\/3"}],"replies":[{"embeddable":true,"href":"https:\/\/www.o-p-i.fr\/7alire\/wp-json\/wp\/v2\/comments?post=10759"}],"version-history":[{"count":6,"href":"https:\/\/www.o-p-i.fr\/7alire\/wp-json\/wp\/v2\/posts\/10759\/revisions"}],"predecessor-version":[{"id":22697,"href":"https:\/\/www.o-p-i.fr\/7alire\/wp-json\/wp\/v2\/posts\/10759\/revisions\/22697"}],"wp:attachment":[{"href":"https:\/\/www.o-p-i.fr\/7alire\/wp-json\/wp\/v2\/media?parent=10759"}],"wp:term":[{"taxonomy":"category","embeddable":true,"href":"https:\/\/www.o-p-i.fr\/7alire\/wp-json\/wp\/v2\/categories?post=10759"},{"taxonomy":"post_tag","embeddable":true,"href":"https:\/\/www.o-p-i.fr\/7alire\/wp-json\/wp\/v2\/tags?post=10759"},{"taxonomy":"author","embeddable":true,"href":"https:\/\/www.o-p-i.fr\/7alire\/wp-json\/wp\/v2\/coauthors?post=10759"}],"curies":[{"name":"wp","href":"https:\/\/api.w.org\/{rel}","templated":true}]}}