{"id":10763,"date":"2014-07-22T14:51:57","date_gmt":"2014-07-22T12:51:57","guid":{"rendered":"\/7alire\/?p=10763"},"modified":"2022-02-07T19:27:06","modified_gmt":"2022-02-07T17:27:06","slug":"lane-loie-et-la-fermiere-livre-jeunesse-delisabeth-valery","status":"publish","type":"post","link":"https:\/\/www.o-p-i.fr\/7alire\/7-a-lire-actu\/lane-loie-et-la-fermiere-livre-jeunesse-delisabeth-valery\/","title":{"rendered":"\u00ab\u00a0L&rsquo;\u00e2ne, l&rsquo;oie et la fermi\u00e8re\u00a0\u00bb Livre jeunesse d&rsquo;Elisabeth VALERY"},"content":{"rendered":"<figure id=\"attachment_10782\" aria-describedby=\"caption-attachment-10782\" style=\"width: 425px\" class=\"wp-caption alignleft\"><a href=\"https:\/\/www.o-p-i.fr\/7alire\/wp-content\/uploads\/couv_laneloieetlafermiere.jpg\"><img loading=\"lazy\" decoding=\"async\" class=\"wp-image-10782\" title=\"L'\u00e2ne, l'oie et la fermi\u00e8re. \u00c9lisabeth VAL\u00c9RY\" src=\"https:\/\/www.o-p-i.fr\/7alire\/wp-content\/uploads\/couv_laneloieetlafermiere.jpg\" alt=\"L'\u00e2ne, l'oie et la fermi\u00e8re. \u00c9lisabeth VAL\u00c9RY\" width=\"425\" height=\"616\" \/><\/a><figcaption id=\"caption-attachment-10782\" class=\"wp-caption-text\">L&rsquo;\u00e2ne, l&rsquo;oie et la fermi\u00e8re. \u00c9lisabeth VAL\u00c9RY<\/figcaption><\/figure>\n<p style=\"text-align: justify;\">A travers la prairie de Manon, la fermi\u00e8re, une amiti\u00e9 se noue entre l&rsquo;\u00e2ne et l&rsquo;oie, \u00e9maill\u00e9e d&rsquo;amusantes p\u00e9rip\u00e9ties, l&rsquo;oie juch\u00e9e sur le dos de l&rsquo;\u00e2ne.<br \/>\nPr\u00e9s de l&rsquo;\u00e9tang, une grenouille et un corbeau jouent les trouble-f\u00eate. Chacun y va de son chant pour exprimer sa joie ou pour agacer l&rsquo;autre. M\u00eame la fermi\u00e8re finit par monter sur le dos de l&rsquo;\u00e2ne \u00e0 c\u00f4t\u00e9 de l&rsquo;oie, et le petit \u00e9quipage part se promener dans la prairie en chantant. Et, depuis ce jour-l\u00e0, la prairie r\u00e9sonne de leurs chants : \u00ab\u00a0Hi ! han ! hi ! han ! hi ! han ! Ga ! ga ! ga ! La ! lalalalala ! la ! lalalalala ! la ! lalalalala !\u00a0\u00bb<\/p>\n<p style=\"text-align: justify;\"><span style=\"color: #003366;\">N\u00b0 ISBN: 9782915832501 &#8211; Prix : 7\u20ac<\/span><\/p>\n<blockquote style=\"text-align: justify;\">\n<p style=\"text-align: justify;\">En vente dans les librairies Guillot et Tranparence \u00e0 Albi et Presse des Arcades \u00e0 R\u00e9almont.<\/p>\n<\/blockquote>\n","protected":false},"excerpt":{"rendered":"<div class=\"mh-excerpt\">A travers la prairie de Manon, la fermi\u00e8re, une amiti\u00e9 se noue entre l&rsquo;\u00e2ne et l&rsquo;oie, \u00e9maill\u00e9e d&rsquo;amusantes p\u00e9rip\u00e9ties, l&rsquo;oie juch\u00e9e sur le dos de l&rsquo;\u00e2ne. Pr\u00e9s de l&rsquo;\u00e9tang, une grenouille et un corbeau jouent <a class=\"mh-excerpt-more\" href=\"https:\/\/www.o-p-i.fr\/7alire\/7-a-lire-actu\/lane-loie-et-la-fermiere-livre-jeunesse-delisabeth-valery\/\" title=\"\u00ab\u00a0L&rsquo;\u00e2ne, l&rsquo;oie et la fermi\u00e8re\u00a0\u00bb Livre jeunesse d&rsquo;Elisabeth VALERY\">[&#8230;]<\/a><\/div>\n","protected":false},"author":3,"featured_media":0,"comment_status":"open","ping_status":"open","sticky":false,"template":"","format":"standard","meta":{"_jetpack_memberships_contains_paid_content":false,"footnotes":"","_links_to":"","_links_to_target":""},"categories":[2554,66,3,77],"tags":[2546,2549,2545,2548,217,2547],"coauthors":[],"class_list":{"0":"post-10763","1":"post","2":"type-post","3":"status-publish","4":"format-standard","6":"category--valery-elisabeth","7":"category-7-a-lire-pour-les-enfants","8":"category-7-a-lire-actu","9":"category-conte","10":"tag-ane","11":"tag-corbeau","12":"tag-fermiere","13":"tag-grenouille","14":"tag-livre-jeunesse","15":"tag-oie"},"jetpack_featured_media_url":"","jetpack_sharing_enabled":true,"_links":{"self":[{"href":"https:\/\/www.o-p-i.fr\/7alire\/wp-json\/wp\/v2\/posts\/10763","targetHints":{"allow":["GET"]}}],"collection":[{"href":"https:\/\/www.o-p-i.fr\/7alire\/wp-json\/wp\/v2\/posts"}],"about":[{"href":"https:\/\/www.o-p-i.fr\/7alire\/wp-json\/wp\/v2\/types\/post"}],"author":[{"embeddable":true,"href":"https:\/\/www.o-p-i.fr\/7alire\/wp-json\/wp\/v2\/users\/3"}],"replies":[{"embeddable":true,"href":"https:\/\/www.o-p-i.fr\/7alire\/wp-json\/wp\/v2\/comments?post=10763"}],"version-history":[{"count":6,"href":"https:\/\/www.o-p-i.fr\/7alire\/wp-json\/wp\/v2\/posts\/10763\/revisions"}],"predecessor-version":[{"id":22692,"href":"https:\/\/www.o-p-i.fr\/7alire\/wp-json\/wp\/v2\/posts\/10763\/revisions\/22692"}],"wp:attachment":[{"href":"https:\/\/www.o-p-i.fr\/7alire\/wp-json\/wp\/v2\/media?parent=10763"}],"wp:term":[{"taxonomy":"category","embeddable":true,"href":"https:\/\/www.o-p-i.fr\/7alire\/wp-json\/wp\/v2\/categories?post=10763"},{"taxonomy":"post_tag","embeddable":true,"href":"https:\/\/www.o-p-i.fr\/7alire\/wp-json\/wp\/v2\/tags?post=10763"},{"taxonomy":"author","embeddable":true,"href":"https:\/\/www.o-p-i.fr\/7alire\/wp-json\/wp\/v2\/coauthors?post=10763"}],"curies":[{"name":"wp","href":"https:\/\/api.w.org\/{rel}","templated":true}]}}