{"id":10835,"date":"2014-07-29T01:23:04","date_gmt":"2014-07-28T23:23:04","guid":{"rendered":"\/7alire\/?p=10835"},"modified":"2014-07-29T01:24:56","modified_gmt":"2014-07-28T23:24:56","slug":"6eme-salon-du-livre-a-castelfranc-46-dimanche-14-septembre-2014","status":"publish","type":"post","link":"https:\/\/www.o-p-i.fr\/7alire\/7-a-lire-actu\/6eme-salon-du-livre-a-castelfranc-46-dimanche-14-septembre-2014\/","title":{"rendered":"6\u00e8me Salon du Livre \u00e0 CastelFranc (46). Dimanche 14 Septembre 2014"},"content":{"rendered":"<p><strong>6\u00e8me Salon du Livre et Exposition de Peinture organis\u00e9 par la Joie de Vivre.<\/strong><\/p>\n<p><strong>Liste des auteurs inscrits <\/strong>(liste susceptible de modifications).<br \/>\nSi vous cliquez sur le nom en rouge, vous d\u00e9couvrirez la page de l\u2019auteur sur 7 \u00e0 lire !<\/p>\n<p><a title=\"En savoir +\" href=\"https:\/\/www.o-p-i.fr\/7alire\/category\/auteurs-contemporains\/%C2%A9-antunes-chantal\/\" target=\"_blank\">Mme  ANTUNES Chantal<\/a><br \/>\n<a title=\"En savoir +\" href=\"https:\/\/www.o-p-i.fr\/7alire\/category\/auteurs-contemporains\/%C2%A9-berthes-colette\/\" target=\"_self\">Mme  BERTHES Colette<\/a><br \/>\nMme  CHANTRAINE Colette<br \/>\nM.     LADES Gilles<br \/>\n<a title=\"En savoir +\" href=\"https:\/\/www.o-p-i.fr\/7alire\/category\/auteurs-contemporains\/%C2%A9-lauzely-darbon-maite\/\" target=\"_blank\">Mme  LAUZELY Marie Th\u00e9r\u00e8se<\/a><br \/>\nM.     ALAUX Jean Pierre<br \/>\n<a title=\"En savoir +\" href=\"https:\/\/www.o-p-i.fr\/7alire\/category\/auteurs-contemporains\/%C2%A9-rosenzweig-michele\/\" target=\"_blank\">Mme  ROSENZWEIG Mich\u00e8le<\/a><br \/>\nM.      MOREAU Guy<br \/>\nMme   BROGNARD Colette<br \/>\nMme   HOUCK  Eliane<br \/>\nM.      NOYGUES Ren\u00e9<br \/>\nMme   SCHMIDT Mich\u00e8le<br \/>\nMme   MORVAN Colette<br \/>\nM.      ROGER Jacques<br \/>\n<a title=\"En savoir +\" href=\"https:\/\/www.o-p-i.fr\/7alire\/category\/auteurs-contemporains\/%C2%A9-amalthee\/\" target=\"_blank\">Mme   CADOUIN H\u00e9l\u00e8ne<\/a><br \/>\nMme   LE RALLIC Brigitte  (reliure)<br \/>\nM.       BENACHENOU Sofiane (calligraphie)<\/p>\n","protected":false},"excerpt":{"rendered":"<div class=\"mh-excerpt\">6\u00e8me Salon du Livre et Exposition de Peinture organis\u00e9 par la Joie de Vivre. Liste des auteurs inscrits (liste susceptible de modifications). Si vous cliquez sur le nom en rouge, vous d\u00e9couvrirez la page de <a class=\"mh-excerpt-more\" href=\"https:\/\/www.o-p-i.fr\/7alire\/7-a-lire-actu\/6eme-salon-du-livre-a-castelfranc-46-dimanche-14-septembre-2014\/\" title=\"6\u00e8me Salon du Livre \u00e0 CastelFranc (46). Dimanche 14 Septembre 2014\">[&#8230;]<\/a><\/div>\n","protected":false},"author":2,"featured_media":0,"comment_status":"open","ping_status":"open","sticky":false,"template":"","format":"standard","meta":{"_jetpack_memberships_contains_paid_content":false,"footnotes":"","_links_to":"","_links_to_target":""},"categories":[3,14],"tags":[2566,419,740,9],"coauthors":[],"class_list":{"0":"post-10835","1":"post","2":"type-post","3":"status-publish","4":"format-standard","6":"category-7-a-lire-actu","7":"category-salon-du-livre-7-a-lire-actu","8":"tag-castelfranc","9":"tag-expo","10":"tag-lot","11":"tag-salon-du-livre"},"jetpack_featured_media_url":"","jetpack_sharing_enabled":true,"_links":{"self":[{"href":"https:\/\/www.o-p-i.fr\/7alire\/wp-json\/wp\/v2\/posts\/10835","targetHints":{"allow":["GET"]}}],"collection":[{"href":"https:\/\/www.o-p-i.fr\/7alire\/wp-json\/wp\/v2\/posts"}],"about":[{"href":"https:\/\/www.o-p-i.fr\/7alire\/wp-json\/wp\/v2\/types\/post"}],"author":[{"embeddable":true,"href":"https:\/\/www.o-p-i.fr\/7alire\/wp-json\/wp\/v2\/users\/2"}],"replies":[{"embeddable":true,"href":"https:\/\/www.o-p-i.fr\/7alire\/wp-json\/wp\/v2\/comments?post=10835"}],"version-history":[{"count":3,"href":"https:\/\/www.o-p-i.fr\/7alire\/wp-json\/wp\/v2\/posts\/10835\/revisions"}],"predecessor-version":[{"id":10837,"href":"https:\/\/www.o-p-i.fr\/7alire\/wp-json\/wp\/v2\/posts\/10835\/revisions\/10837"}],"wp:attachment":[{"href":"https:\/\/www.o-p-i.fr\/7alire\/wp-json\/wp\/v2\/media?parent=10835"}],"wp:term":[{"taxonomy":"category","embeddable":true,"href":"https:\/\/www.o-p-i.fr\/7alire\/wp-json\/wp\/v2\/categories?post=10835"},{"taxonomy":"post_tag","embeddable":true,"href":"https:\/\/www.o-p-i.fr\/7alire\/wp-json\/wp\/v2\/tags?post=10835"},{"taxonomy":"author","embeddable":true,"href":"https:\/\/www.o-p-i.fr\/7alire\/wp-json\/wp\/v2\/coauthors?post=10835"}],"curies":[{"name":"wp","href":"https:\/\/api.w.org\/{rel}","templated":true}]}}