{"id":11244,"date":"2014-09-18T15:31:37","date_gmt":"2014-09-18T13:31:37","guid":{"rendered":"\/7alire\/?p=11244"},"modified":"2014-09-18T15:31:37","modified_gmt":"2014-09-18T13:31:37","slug":"sejours-en-france-d%e2%80%99etudiantes-autrichiennes-le-temoignage-de-dorina-a-cahuzac-sur-vere-81","status":"publish","type":"post","link":"https:\/\/www.o-p-i.fr\/7alire\/occitanie\/autriche_pays_oc\/sejours-en-france-d%e2%80%99etudiantes-autrichiennes-le-temoignage-de-dorina-a-cahuzac-sur-vere-81\/","title":{"rendered":"S\u00e9jours en France d\u2019\u00e9tudiantes autrichiennes.  Le t\u00e9moignage de Dorina \u00e0 Cahuzac sur V\u00e8re (81)"},"content":{"rendered":"<p style=\"text-align: justify;\">Les s\u00e9jours de deux \u00e0 4 semaines ont lieu en f\u00e9vrier, juillet ao\u00fbt et  septembre. Ils concernent des \u00e9tudiantes autrichiennes majeures capables  de s\u2019exprimer en fran\u00e7ais. Si vous aussi vous souhaitez accueillir une \u00e9tudiante autrichienne qui saura aider vos enfants en allemand ou anglais ou bien vous seconder dans leur encadrement, contactez d\u00e8s maintenant Robert Linas, Pr\u00e9sident d\u2019Autriche et Pays d\u2019Oc !<\/p>\n<p style=\"text-align: justify;\"><em>Je m&rsquo;appelle Dorina B. et j&rsquo;habite \u00e0 Vienne. J&rsquo;\u00e9tudie \u00e9galement le fran\u00e7ais, c&rsquo;est pourquoi j&rsquo;ai d\u00e9cid\u00e9 de passer deux semaines , du 17.08 au 02.09.2014, en France dans une famille d&rsquo;accueil. Mon but \u00e9tait d&rsquo;am\u00e9liorer mes connaissances et d&rsquo;approfondir ou de d\u00e9couvrir une part de la culture fran\u00e7aise. J&rsquo;ai pass\u00e9 mon s\u00e9jour dans la famille RUBIO., qui habite dans la r\u00e9gion Midi-Pyr\u00e9n\u00e9es, \u00e0 Cahuzac-sur-V\u00e8re (81). Je tiens \u00e0 mentionner que j&rsquo;\u00e9tais dans une famille tr\u00e8s gentille qui m&rsquo;a fait voir de nouvelles choses. Ils m&rsquo;ont aid\u00e9 \u00e0 progresser en fran\u00e7ais et j&rsquo;ai aussi commenc\u00e9 \u00e0 apprendre beaucoup d&rsquo;expressions famili\u00e8res. J&rsquo;ai visit\u00e9 plusieurs villes et des monuments historiques , comme Cordes-sur-ciel par exemple, ce qui m&rsquo;a permis de me faire une image, notamment sur l&rsquo;histoire de la France. Ce s\u00e9jour m&rsquo;a \u00e9t\u00e9 tr\u00e8s b\u00e9n\u00e9fique parce que j&rsquo;ai fait des progr\u00e8s en fran\u00e7ais, mais avant tout il m&rsquo;a permis de d\u00e9couvrir des choses tr\u00e8s importantes sur la culture fran\u00e7aise. Je suis tr\u00e8s contente, parce j&rsquo;ai eu aussi l&rsquo;occasion de faire connaissance de gens formidables.<\/em><\/p>\n<p style=\"text-align: justify;\"><em> <\/em><\/p>\n<p style=\"text-align: justify;\"><em> J&rsquo;ai pu faire cette superbe exp\u00e9rience gr\u00e2ce a l&rsquo;association Autriche et pays d&rsquo;Oc. C&rsquo;est le Univ.-Prof. Dr. Peter Cichon qui nous en a parl\u00e9 a l&rsquo;universit\u00e9. J&rsquo;ai trouv\u00e9 le contact tr\u00e8s s\u00e9rieux et a mon avis l&rsquo;association Autriche et pays d&rsquo;Oc permet de r\u00e9aliser de beaux projets.<\/em><\/p>\n","protected":false},"excerpt":{"rendered":"<div class=\"mh-excerpt\">Les s\u00e9jours de deux \u00e0 4 semaines ont lieu en f\u00e9vrier, juillet ao\u00fbt et septembre. Ils concernent des \u00e9tudiantes autrichiennes majeures capables de s\u2019exprimer en fran\u00e7ais. Si vous aussi vous souhaitez accueillir une \u00e9tudiante autrichienne <a class=\"mh-excerpt-more\" href=\"https:\/\/www.o-p-i.fr\/7alire\/occitanie\/autriche_pays_oc\/sejours-en-france-d%e2%80%99etudiantes-autrichiennes-le-temoignage-de-dorina-a-cahuzac-sur-vere-81\/\" title=\"S\u00e9jours en France d\u2019\u00e9tudiantes autrichiennes.  Le t\u00e9moignage de Dorina \u00e0 Cahuzac sur V\u00e8re (81)\">[&#8230;]<\/a><\/div>\n","protected":false},"author":2,"featured_media":0,"comment_status":"open","ping_status":"open","sticky":false,"template":"","format":"standard","meta":{"_jetpack_memberships_contains_paid_content":false,"footnotes":"","_links_to":"","_links_to_target":""},"categories":[28,324,326],"tags":[1924,322,3648],"coauthors":[],"class_list":{"0":"post-11244","1":"post","2":"type-post","3":"status-publish","4":"format-standard","6":"category-autriche_pays_oc","7":"category-echange","8":"category-temoignages","9":"tag-etudiante-autrichienne","10":"tag-famille-daccueil","11":"tag-temoignages"},"jetpack_featured_media_url":"","jetpack_sharing_enabled":true,"_links":{"self":[{"href":"https:\/\/www.o-p-i.fr\/7alire\/wp-json\/wp\/v2\/posts\/11244","targetHints":{"allow":["GET"]}}],"collection":[{"href":"https:\/\/www.o-p-i.fr\/7alire\/wp-json\/wp\/v2\/posts"}],"about":[{"href":"https:\/\/www.o-p-i.fr\/7alire\/wp-json\/wp\/v2\/types\/post"}],"author":[{"embeddable":true,"href":"https:\/\/www.o-p-i.fr\/7alire\/wp-json\/wp\/v2\/users\/2"}],"replies":[{"embeddable":true,"href":"https:\/\/www.o-p-i.fr\/7alire\/wp-json\/wp\/v2\/comments?post=11244"}],"version-history":[{"count":1,"href":"https:\/\/www.o-p-i.fr\/7alire\/wp-json\/wp\/v2\/posts\/11244\/revisions"}],"predecessor-version":[{"id":11245,"href":"https:\/\/www.o-p-i.fr\/7alire\/wp-json\/wp\/v2\/posts\/11244\/revisions\/11245"}],"wp:attachment":[{"href":"https:\/\/www.o-p-i.fr\/7alire\/wp-json\/wp\/v2\/media?parent=11244"}],"wp:term":[{"taxonomy":"category","embeddable":true,"href":"https:\/\/www.o-p-i.fr\/7alire\/wp-json\/wp\/v2\/categories?post=11244"},{"taxonomy":"post_tag","embeddable":true,"href":"https:\/\/www.o-p-i.fr\/7alire\/wp-json\/wp\/v2\/tags?post=11244"},{"taxonomy":"author","embeddable":true,"href":"https:\/\/www.o-p-i.fr\/7alire\/wp-json\/wp\/v2\/coauthors?post=11244"}],"curies":[{"name":"wp","href":"https:\/\/api.w.org\/{rel}","templated":true}]}}