{"id":1125,"date":"2009-10-09T19:14:58","date_gmt":"2009-10-09T17:14:58","guid":{"rendered":"\/7alire\/?p=1125"},"modified":"2009-10-09T19:15:22","modified_gmt":"2009-10-09T17:15:22","slug":"la-secado-1er-tome","status":"publish","type":"post","link":"https:\/\/www.o-p-i.fr\/7alire\/auteurs-contemporains\/%c2%a9-plana-fabre-helene\/la-secado-1er-tome\/","title":{"rendered":"La Secado 1er tome"},"content":{"rendered":"<p style=\"text-align: justify;\">\n<figure id=\"attachment_1126\" aria-describedby=\"caption-attachment-1126\" style=\"width: 150px\" class=\"wp-caption alignleft\"><img loading=\"lazy\" decoding=\"async\" class=\"size-full wp-image-1126\" title=\"La Secado 1er tome \" src=\"https:\/\/www.o-p-i.fr\/7alire\/wp-content\/uploads\/couverture_secado.jpg\" alt=\"La Secado 1er tome \" width=\"150\" height=\"250\" \/><figcaption id=\"caption-attachment-1126\" class=\"wp-caption-text\">La Secado 1er tome <\/figcaption><\/figure>\n<p style=\"text-align: justify;\">Quand Guillaume de  Valray, rencontre la jolie Basilia, il ne se doute pas qu\u2019elle va d\u00e9clencher une vraie r\u00e9volution \u00e0 M\u00e9nac petite ville provinciale pr\u00e8s de Narbonne.<\/p>\n<p style=\"text-align: justify;\">Quand Maguy, une vieille dame pleine de charmes, recherche des ouvriers agricoles, elle n\u2019imagine pas faire le premier pas pour entrer dans la famille de Valray.<\/p>\n<p style=\"text-align: justify;\">Quand  au comte, il ne comprend pas encore que tout ceci va d\u00e9finitivement changer sa vie.<\/p>\n<p style=\"text-align: justify;\">Des drames se nouent, des passions se d\u00e9cha\u00eenent dans un Languedoc br\u00fbl\u00e9 par un soleil  implacable. Les classes sociales se m\u00ealent, se  d\u00e9chirent,  se s\u00e9parent et s\u2019unissent sur un air de flamenco jou\u00e9 par de jeunes musiciens tziganes.<\/p>\n","protected":false},"excerpt":{"rendered":"<div class=\"mh-excerpt\">Quand Guillaume de Valray, rencontre la jolie Basilia, il ne se doute pas qu\u2019elle va d\u00e9clencher une vraie r\u00e9volution \u00e0 M\u00e9nac petite ville provinciale pr\u00e8s de Narbonne. Quand Maguy, une vieille dame pleine de charmes, <a class=\"mh-excerpt-more\" href=\"https:\/\/www.o-p-i.fr\/7alire\/auteurs-contemporains\/%c2%a9-plana-fabre-helene\/la-secado-1er-tome\/\" title=\"La Secado 1er tome\">[&#8230;]<\/a><\/div>\n","protected":false},"author":1,"featured_media":0,"comment_status":"open","ping_status":"open","sticky":false,"template":"","format":"standard","meta":{"_jetpack_memberships_contains_paid_content":false,"footnotes":"","_links_to":"","_links_to_target":""},"categories":[210],"tags":[211,212],"coauthors":[],"class_list":{"0":"post-1125","1":"post","2":"type-post","3":"status-publish","4":"format-standard","6":"category--plana-fabre-helene","7":"tag-helene-plana-fabre","8":"tag-languedoc"},"jetpack_featured_media_url":"","jetpack_sharing_enabled":true,"_links":{"self":[{"href":"https:\/\/www.o-p-i.fr\/7alire\/wp-json\/wp\/v2\/posts\/1125","targetHints":{"allow":["GET"]}}],"collection":[{"href":"https:\/\/www.o-p-i.fr\/7alire\/wp-json\/wp\/v2\/posts"}],"about":[{"href":"https:\/\/www.o-p-i.fr\/7alire\/wp-json\/wp\/v2\/types\/post"}],"author":[{"embeddable":true,"href":"https:\/\/www.o-p-i.fr\/7alire\/wp-json\/wp\/v2\/users\/1"}],"replies":[{"embeddable":true,"href":"https:\/\/www.o-p-i.fr\/7alire\/wp-json\/wp\/v2\/comments?post=1125"}],"version-history":[{"count":3,"href":"https:\/\/www.o-p-i.fr\/7alire\/wp-json\/wp\/v2\/posts\/1125\/revisions"}],"predecessor-version":[{"id":1129,"href":"https:\/\/www.o-p-i.fr\/7alire\/wp-json\/wp\/v2\/posts\/1125\/revisions\/1129"}],"wp:attachment":[{"href":"https:\/\/www.o-p-i.fr\/7alire\/wp-json\/wp\/v2\/media?parent=1125"}],"wp:term":[{"taxonomy":"category","embeddable":true,"href":"https:\/\/www.o-p-i.fr\/7alire\/wp-json\/wp\/v2\/categories?post=1125"},{"taxonomy":"post_tag","embeddable":true,"href":"https:\/\/www.o-p-i.fr\/7alire\/wp-json\/wp\/v2\/tags?post=1125"},{"taxonomy":"author","embeddable":true,"href":"https:\/\/www.o-p-i.fr\/7alire\/wp-json\/wp\/v2\/coauthors?post=1125"}],"curies":[{"name":"wp","href":"https:\/\/api.w.org\/{rel}","templated":true}]}}