{"id":11343,"date":"2014-10-01T08:36:23","date_gmt":"2014-10-01T06:36:23","guid":{"rendered":"\/7alire\/?p=11343"},"modified":"2014-10-01T08:36:23","modified_gmt":"2014-10-01T06:36:23","slug":"la-belugueta-de-tg%e2%80%99oc-vous-informe-trioc-52-au-grifol","status":"publish","type":"post","link":"https:\/\/www.o-p-i.fr\/7alire\/occitanie\/activites-occitanes\/la-belugueta-de-tg%e2%80%99oc-vous-informe-trioc-52-au-grifol\/","title":{"rendered":"La belugueta de TG\u2019OC vous informe : TRIOC 52 au Grifol"},"content":{"rendered":"<h4 style=\"text-align: justify;\">Peinture et saveurs du Pays.<\/h4>\n<p><!--more--><\/p>\n<figure id=\"attachment_11346\" aria-describedby=\"caption-attachment-11346\" style=\"width: 217px\" class=\"wp-caption alignright\"><a href=\"https:\/\/www.o-p-i.fr\/7alire\/wp-content\/uploads\/albertesirugue-trioc.jpg\"><img loading=\"lazy\" decoding=\"async\" class=\"size-medium wp-image-11346\" title=\"Exposition d'Alberte Sirugue \u00e0 Albi (81)\" src=\"https:\/\/www.o-p-i.fr\/7alire\/wp-content\/uploads\/albertesirugue-trioc-217x300.jpg\" alt=\"Exposition d'Alberte Sirugue \u00e0 Albi (81)\" width=\"217\" height=\"300\" srcset=\"https:\/\/www.o-p-i.fr\/7alire\/wp-content\/uploads\/albertesirugue-trioc-217x300.jpg 217w, https:\/\/www.o-p-i.fr\/7alire\/wp-content\/uploads\/albertesirugue-trioc-744x1024.jpg 744w, https:\/\/www.o-p-i.fr\/7alire\/wp-content\/uploads\/albertesirugue-trioc.jpg 800w\" sizes=\"auto, (max-width: 217px) 100vw, 217px\" \/><\/a><figcaption id=\"caption-attachment-11346\" class=\"wp-caption-text\">Exposition d&#39;Alberte Sirugue \u00e0 Albi (81)<\/figcaption><\/figure>\n<p style=\"text-align: justify;\"><strong>Alberte SIRGUE : <\/strong>apr\u00e8s de nombreux d\u00e9m\u00e9nagements et s\u00e9jours \u00e0 l&rsquo;\u00e9tranger elle est venue habiter \u00e0 Albi, ville natale de mon mari.<br \/>\nDe tout temps elle a toujours dessin\u00e9, gribouill\u00e9 sur ses livres et fabriqu\u00e9 des carnets. Son m\u00e9tier d&rsquo;institutrice en maternelle lui a donn\u00e9 l&rsquo;occasion de s&rsquo;occuper de tr\u00e8s jeunes enfants. Tout au  long de ses ann\u00e9es d&rsquo;exercice elle a pu observer et appr\u00e9cier leur sens de la couleur, leur cr\u00e9ativit\u00e9 et leur spontan\u00e9it\u00e9, d\u00e8s lors qu&rsquo;on les stimule et les favorise. Ces magnifiques qualit\u00e9s s&rsquo;\u00e9teignent et parfois disparaissent malheureusement lorsqu&rsquo;ils grandissent et se conforment \u00e0 des mod\u00e8les adultes. S&rsquo;inspirant des enfants elle aime d\u00e9couvrir dans le trait et les couleurs la forme qui va lui inspirer un personnage ou une histoire \u00e0 sa fa\u00e7on. Elle d\u00e9tourne le sens des objets ou des situations pour en cr\u00e9er d&rsquo;autres en y mettant de l&rsquo;humour. Elle s&rsquo;est  essay\u00e9e \u00e0 d&rsquo;autres techniques telles que la peinture \u00e0 l&rsquo;huile, la sculpture, le modelage avant de se consacrer presque exclusivement aux techniques dites \u00ab\u00a0mixtes. Elle prend \u00e9norm\u00e9ment de plaisir \u00e0 utiliser diff\u00e9rentes techniques et appr\u00e9cie le non conformisme et la libert\u00e9 que cela lui procure. C&rsquo;est le c\u00f4t\u00e9 ludique et inventif  qui lui donne le plus de satisfactions<br \/>\nElle pratique aussi le carnet de voyage et les impressions sur plaque de g\u00e9latine (gelli plate). Mis au point aux \u00c9tats-Unis, c&rsquo;est un tr\u00e8s simple proc\u00e9d\u00e9   d&rsquo;impression sur papier ou tissu. Cela stimule d&rsquo;imagination et c&rsquo;est un bonheur toujours renouvel\u00e9 de d\u00e9couvrir ce qui arrive \u00e0 chaque impression. Ces papiers imprim\u00e9s aux couleurs et formes impr\u00e9visibles sont le point de d\u00e9part pour d&rsquo;autres techniques ou restent des images plaisantes \u00e0 regarder.<br \/>\n\u00ab Il n&rsquo;est en art qu&rsquo;une chose qui vaille, celle que l&rsquo;on ne peut expliquer \u00bb Georges Braque<\/p>\n<p style=\"text-align: justify;\">Pour les d\u00e9gustations, nous accueillons :<br \/>\n<strong>\u2022\tDomaine Castel de Brame \u00ab Brames-Aigues \u00bb<\/strong>. C&rsquo;est un tr\u00e8s ancien terroir du gaillacois, situ\u00e9 rive gauche du Tarn, en bordure de la troisi\u00e8me terrasse. C&rsquo;est le terroir id\u00e9al pour donner au vin ch\u00e2leur et finesse et permettre l&rsquo;expression naturelle des c\u00e9pages gaillacois. L&rsquo;enc\u00e9pagement de 2\/3 rouge, 1\/3 blanc est centr\u00e9 sur les c\u00e9pages principaux de l&rsquo;appellation : Duras, Brocol, Syrah en Rouge (Gamay pour le primeur) \u2013 Muscadelle, Len de l&rsquo;EL, Sauvignon en Blanc, et pour les anciens retrouv\u00e9s, un peu de Prunelard en rouge, ainsi que du Mauzac en blanc. Les vignerons, Camille Bauguil, Estelle Loddo et Alain Boulanger, tiennent \u00e0 pr\u00e9server et \u00e0 mettre en valeur le plus possible ce terroir pour permettre la meilleure expression de l&rsquo;enc\u00e9pagement gaillacois. Pour cela, ils pratiquent notamment un enherbement naturel dans un souci de respect de l&rsquo;\u00e9cosyst\u00e8me, de ma\u00eetrise des rendements et d&rsquo;optimisation de la qualit\u00e9. Depuis 2007, le vin est vinifi\u00e9 au domaine dans des conditions artisanales et n\u00e9anmoins novatrices afin de r\u00e9v\u00e9ler au mieux les caract\u00e8res exceptionnels des c\u00e9pages.<strong><\/strong><\/p>\n<p style=\"text-align: justify;\"><strong>\u2022\tLes fromages du \u00ab GAEC LE BESCAN \u00bb<\/strong>. Le fromager du Bescan est un producteur fermier sur la commune de Virac, depuis sa cr\u00e9ation en 2007, Nicolas de Moor a d\u00e9velopp\u00e9 une gamme de produits laitiers, fromage blanc, yaourt, tome&#8230; qu&rsquo;il vivre principalement dans les collectivit\u00e9s du d\u00e9partement ainsi que sur la r\u00e9gion toulousaine. Vous pouvez trouver ses produits sur les march\u00e9s de Castres et Cordes sur ciel le samedi matin, \u00e0 l&rsquo;union le dimanche matin et en vente directe \u00e0 la ferme, ou une visite de la fromagerie peut \u00eatre propos\u00e9e afin de vous faire partager le savoir faire du fromager (renseignements au 06 78 27 81 75).<\/p>\n<p style=\"text-align: justify;\"><strong>Exposition :<\/strong> du  1 au 31 octobre 2014<br \/>\n<strong>Ouverture :<\/strong> du lundi au vendredi de 14h\u00a0 \u00e0 18h<br \/>\n<strong>Vernissage\u00a0 : <\/strong>vendredi 3 octobre \u00e0 partir de 18 h 30<\/p>\n<p style=\"text-align: justify;\">Entr\u00e9e  libre et gratuite.<\/p>\n<p style=\"text-align: justify;\"><span style=\"color: #99cc00;\"><strong>Contact : <\/strong><\/span>\u00ab Lo Grifol \u00bb<br \/>\n3 rue Perotty (apr\u00e8s le pont Vieux, c\u00f4t\u00e9 La Madeleine)<br \/>\nAlbi.<\/p>\n<p style=\"text-align: justify;\">T\u00e9l. : 05 63 53 30 41<\/p>\n<p style=\"text-align: justify;\">\n","protected":false},"excerpt":{"rendered":"<div class=\"mh-excerpt\">Peinture et saveurs du Pays.<\/div>\n","protected":false},"author":2,"featured_media":0,"comment_status":"open","ping_status":"open","sticky":false,"template":"","format":"standard","meta":{"_jetpack_memberships_contains_paid_content":false,"footnotes":"","_links_to":"","_links_to_target":""},"categories":[266,1189],"tags":[235,419,1080],"coauthors":[],"class_list":{"0":"post-11343","1":"post","2":"type-post","3":"status-publish","4":"format-standard","6":"category-activites-occitanes","7":"category-la-belugueta-de-tgoc","8":"tag-albi","9":"tag-expo","10":"tag-trioc"},"jetpack_featured_media_url":"","jetpack_sharing_enabled":true,"_links":{"self":[{"href":"https:\/\/www.o-p-i.fr\/7alire\/wp-json\/wp\/v2\/posts\/11343","targetHints":{"allow":["GET"]}}],"collection":[{"href":"https:\/\/www.o-p-i.fr\/7alire\/wp-json\/wp\/v2\/posts"}],"about":[{"href":"https:\/\/www.o-p-i.fr\/7alire\/wp-json\/wp\/v2\/types\/post"}],"author":[{"embeddable":true,"href":"https:\/\/www.o-p-i.fr\/7alire\/wp-json\/wp\/v2\/users\/2"}],"replies":[{"embeddable":true,"href":"https:\/\/www.o-p-i.fr\/7alire\/wp-json\/wp\/v2\/comments?post=11343"}],"version-history":[{"count":2,"href":"https:\/\/www.o-p-i.fr\/7alire\/wp-json\/wp\/v2\/posts\/11343\/revisions"}],"predecessor-version":[{"id":11348,"href":"https:\/\/www.o-p-i.fr\/7alire\/wp-json\/wp\/v2\/posts\/11343\/revisions\/11348"}],"wp:attachment":[{"href":"https:\/\/www.o-p-i.fr\/7alire\/wp-json\/wp\/v2\/media?parent=11343"}],"wp:term":[{"taxonomy":"category","embeddable":true,"href":"https:\/\/www.o-p-i.fr\/7alire\/wp-json\/wp\/v2\/categories?post=11343"},{"taxonomy":"post_tag","embeddable":true,"href":"https:\/\/www.o-p-i.fr\/7alire\/wp-json\/wp\/v2\/tags?post=11343"},{"taxonomy":"author","embeddable":true,"href":"https:\/\/www.o-p-i.fr\/7alire\/wp-json\/wp\/v2\/coauthors?post=11343"}],"curies":[{"name":"wp","href":"https:\/\/api.w.org\/{rel}","templated":true}]}}