{"id":11480,"date":"2014-11-06T23:37:23","date_gmt":"2014-11-06T21:37:23","guid":{"rendered":"\/7alire\/?p=11480"},"modified":"2014-11-06T23:37:53","modified_gmt":"2014-11-06T21:37:53","slug":"veronique-martinez-biographie","status":"publish","type":"post","link":"https:\/\/www.o-p-i.fr\/7alire\/7-a-lire-actu\/veronique-martinez-biographie\/","title":{"rendered":"V\u00e9ronique Martinez. Biographie"},"content":{"rendered":"<p style=\"text-align: justify;\">\n<figure id=\"attachment_11485\" aria-describedby=\"caption-attachment-11485\" style=\"width: 245px\" class=\"wp-caption alignleft\"><a href=\"https:\/\/www.o-p-i.fr\/7alire\/wp-content\/uploads\/veroniquemartinez.jpg\"><img loading=\"lazy\" decoding=\"async\" class=\"size-full wp-image-11485\" title=\"V\u00e9ronique Martinez\" src=\"https:\/\/www.o-p-i.fr\/7alire\/wp-content\/uploads\/veroniquemartinez.jpg\" alt=\"V\u00e9ronique Martinez\" width=\"245\" height=\"326\" srcset=\"https:\/\/www.o-p-i.fr\/7alire\/wp-content\/uploads\/veroniquemartinez.jpg 245w, https:\/\/www.o-p-i.fr\/7alire\/wp-content\/uploads\/veroniquemartinez-225x300.jpg 225w\" sizes=\"auto, (max-width: 245px) 100vw, 245px\" \/><\/a><figcaption id=\"caption-attachment-11485\" class=\"wp-caption-text\">V\u00e9ronique Martinez<\/figcaption><\/figure>\n<p style=\"text-align: justify;\">Passionn\u00e9e par la musique et le piano d\u00e8s sa plus jeune enfance, V\u00e9ronique Martinez commencera \u00e0 enseigner \u00e0 l\u2019\u00e2ge de 20 ans. Elle aimera diversifier sa passion en enseignant : le piano, le solf\u00e8ge, l\u2019initiation \u00e0 la musique pour les plus petits, chorales d\u2019enfants et adultes.<br \/>\nC\u2019est travailler avec les plus petits qui va attirer son attention et sa p\u00e9dagogie. Elle va vouloir aller plus loin avec eux, persuad\u00e9e qu\u2019ils peuvent apprendre les premi\u00e8res notions musicales d\u00e8s lors qu\u2019elles sont enseign\u00e9es de fa\u00e7on ludique. D\u00e8s 3 ans et jusqu\u2019\u00e0 11ans, le langage musical doit s\u2019apprendre dans un contexte affectif.<br \/>\nElle observera les enfants dans leurs activit\u00e9s favorites : dessiner, colorier, jouer, raconter et y associera th\u00e9orie et lecture musicale.<br \/>\nChaque note va alors devenir un personnage au caract\u00e8re bien d\u00e9fini qui va permettre \u00e0 l\u2019enfant de comprendre son emplacement sur la port\u00e9e. C\u2019est comme cela qu\u2019a commenc\u00e9 sa m\u00e9thode qu\u2019elle nommera \u00ab  la m\u00e9thode Ador\u00e9 \u00bb. Elle rassemblera tous les personnages- notes dans un conte merveilleux\u2026.<br \/>\nImaginez un livre o\u00f9 le solf\u00e8ge devient un plaisir\u2026.C\u2019est en d\u00e9cembre 2001 que son premier livre parait. Depuis elle parcourra nombreuses \u00e9coles maternelles et \u00e9l\u00e9mentaires pour partager sa m\u00e9thode. Test\u00e9e pour son efficacit\u00e9, elle sera appr\u00e9ci\u00e9e par les petits mais aussi par les enseignants qui la motiveront \u00e0 imaginer et \u00e9crire le tome 2 : \u00ab  Le secret de Mr Fa \u00bb, les cahiers d\u2019exercices d\u2019application et la premi\u00e8re m\u00e9thode de piano\u2026<\/p>\n<p style=\"text-align: justify;\">Sa m\u00e9thode exceptionnelle se caract\u00e9risera par<br \/>\n&#8211;      Son efficacit\u00e9, il suffit de quelques lectures<br \/>\n&#8211;\tSa po\u00e9sie, l\u2019histoire est un conte merveilleux<br \/>\n&#8211;\tSon originalit\u00e9\u2026.<\/p>\n","protected":false},"excerpt":{"rendered":"<div class=\"mh-excerpt\">Passionn\u00e9e par la musique et le piano d\u00e8s sa plus jeune enfance, V\u00e9ronique Martinez commencera \u00e0 enseigner \u00e0 l\u2019\u00e2ge de 20 ans. Elle aimera diversifier sa passion en enseignant : le piano, le solf\u00e8ge, l\u2019initiation <a class=\"mh-excerpt-more\" href=\"https:\/\/www.o-p-i.fr\/7alire\/7-a-lire-actu\/veronique-martinez-biographie\/\" title=\"V\u00e9ronique Martinez. Biographie\">[&#8230;]<\/a><\/div>\n","protected":false},"author":3,"featured_media":0,"comment_status":"open","ping_status":"open","sticky":false,"template":"","format":"standard","meta":{"_jetpack_memberships_contains_paid_content":false,"footnotes":"","_links_to":"","_links_to_target":""},"categories":[2834,3,4,5],"tags":[2831,1418,2832,2829,289,2833,614,2826,3637,2828],"coauthors":[],"class_list":{"0":"post-11480","1":"post","2":"type-post","3":"status-publish","4":"format-standard","6":"category--martinez-veronique","7":"category-7-a-lire-actu","8":"category-auteurs-contemporains","9":"category-biographie","10":"tag-affectif","11":"tag-chorale","12":"tag-efficacite","13":"tag-initiation","14":"tag-musique","15":"tag-originalite","16":"tag-passion","17":"tag-piano","18":"tag-poesie","19":"tag-solfege"},"jetpack_featured_media_url":"","jetpack_sharing_enabled":true,"_links":{"self":[{"href":"https:\/\/www.o-p-i.fr\/7alire\/wp-json\/wp\/v2\/posts\/11480","targetHints":{"allow":["GET"]}}],"collection":[{"href":"https:\/\/www.o-p-i.fr\/7alire\/wp-json\/wp\/v2\/posts"}],"about":[{"href":"https:\/\/www.o-p-i.fr\/7alire\/wp-json\/wp\/v2\/types\/post"}],"author":[{"embeddable":true,"href":"https:\/\/www.o-p-i.fr\/7alire\/wp-json\/wp\/v2\/users\/3"}],"replies":[{"embeddable":true,"href":"https:\/\/www.o-p-i.fr\/7alire\/wp-json\/wp\/v2\/comments?post=11480"}],"version-history":[{"count":5,"href":"https:\/\/www.o-p-i.fr\/7alire\/wp-json\/wp\/v2\/posts\/11480\/revisions"}],"predecessor-version":[{"id":11488,"href":"https:\/\/www.o-p-i.fr\/7alire\/wp-json\/wp\/v2\/posts\/11480\/revisions\/11488"}],"wp:attachment":[{"href":"https:\/\/www.o-p-i.fr\/7alire\/wp-json\/wp\/v2\/media?parent=11480"}],"wp:term":[{"taxonomy":"category","embeddable":true,"href":"https:\/\/www.o-p-i.fr\/7alire\/wp-json\/wp\/v2\/categories?post=11480"},{"taxonomy":"post_tag","embeddable":true,"href":"https:\/\/www.o-p-i.fr\/7alire\/wp-json\/wp\/v2\/tags?post=11480"},{"taxonomy":"author","embeddable":true,"href":"https:\/\/www.o-p-i.fr\/7alire\/wp-json\/wp\/v2\/coauthors?post=11480"}],"curies":[{"name":"wp","href":"https:\/\/api.w.org\/{rel}","templated":true}]}}