{"id":11518,"date":"2014-11-12T18:02:14","date_gmt":"2014-11-12T16:02:14","guid":{"rendered":"\/7alire\/?p=11518"},"modified":"2014-11-13T17:41:42","modified_gmt":"2014-11-13T15:41:42","slug":"5eme-salon-du-livre-de-la-montagne-montredon-labessonie-81-dimanche-7-decembre-2014","status":"publish","type":"post","link":"https:\/\/www.o-p-i.fr\/7alire\/7-a-lire-actu\/5eme-salon-du-livre-de-la-montagne-montredon-labessonie-81-dimanche-7-decembre-2014\/","title":{"rendered":"5\u00e8me Salon du Livre de la Montagne. Montredon Labessoni\u00e9 (81). Dimanche 7 D\u00e9cembre 2014."},"content":{"rendered":"<figure id=\"attachment_11519\" aria-describedby=\"caption-attachment-11519\" style=\"width: 408px\" class=\"wp-caption alignright\"><a href=\"https:\/\/www.o-p-i.fr\/7alire\/wp-content\/uploads\/salonmontagne2014.jpg\"><img loading=\"lazy\" decoding=\"async\" class=\"size-full wp-image-11519 \" title=\" Salon de Montredon 2014\" src=\"https:\/\/www.o-p-i.fr\/7alire\/wp-content\/uploads\/salonmontagne2014.jpg\" alt=\" Salon de Montredon 2014\" width=\"408\" height=\"614\" srcset=\"https:\/\/www.o-p-i.fr\/7alire\/wp-content\/uploads\/salonmontagne2014.jpg 680w, https:\/\/www.o-p-i.fr\/7alire\/wp-content\/uploads\/salonmontagne2014-199x300.jpg 199w\" sizes=\"auto, (max-width: 408px) 100vw, 408px\" \/><\/a><figcaption id=\"caption-attachment-11519\" class=\"wp-caption-text\"> Salon de Montredon 2014<\/figcaption><\/figure>\n<p><strong>Auteurs inscrits : <\/strong><\/p>\n<figure id=\"attachment_11527\" aria-describedby=\"caption-attachment-11527\" style=\"width: 238px\" class=\"wp-caption alignnone\"><a href=\"https:\/\/www.o-p-i.fr\/7alire\/wp-content\/uploads\/auteurmontredon2014.jpg\"><img loading=\"lazy\" decoding=\"async\" class=\"size-full wp-image-11527  \" title=\"Liste compl\u00e8te des auteurs inscrits \u00e0 Montredon Labessonni\u00e9.\" src=\"https:\/\/www.o-p-i.fr\/7alire\/wp-content\/uploads\/auteurmontredon2014.jpg\" alt=\"Liste compl\u00e8te des auteurs inscrits \u00e0 Montredon Labessonni\u00e9.\" width=\"238\" height=\"368\" \/><\/a><figcaption id=\"caption-attachment-11527\" class=\"wp-caption-text\">Liste compl\u00e8te des auteurs inscrits \u00e0 Montredon Labessonni\u00e9.<\/figcaption><\/figure>\n<p>Les auteurs en rouge ont leur pr\u00e9sentation sur ce site ; cliquez sur leur nom pour y acc\u00e9der !<\/p>\n<p><a title=\"En savoir +\" href=\"https:\/\/www.o-p-i.fr\/7alire\/category\/auteurs-contemporains\/%C2%A9-valery-elisabeth\/\">Elisabeth Val\u00e9ry<\/a><\/p>\n<p><a title=\"En savoir +\" href=\"https:\/\/www.o-p-i.fr\/7alire\/category\/auteurs-contemporains\/%C2%A9-marinone-eve\/\">Eve Marinone<\/a><\/p>\n<p><a title=\"En savoir +\" href=\"https:\/\/www.o-p-i.fr\/7alire\/category\/auteurs-contemporains\/%C2%A9-lucien-michel\/\">Michel Lucien<\/a><\/p>\n<p><a title=\"En savoir +\" href=\"https:\/\/www.o-p-i.fr\/7alire\/category\/auteurs-contemporains\/%C2%A9-s-martin-robert\/\">Robert S. Martin<\/a><\/p>\n<p><a title=\"En savoir +\" href=\"https:\/\/www.o-p-i.fr\/7alire\/category\/auteurs-contemporains\/%C2%A9-salabert-jean\/\">Jean Salabert<\/a><\/p>\n<p><a title=\"En savoir +\" href=\"https:\/\/www.o-p-i.fr\/7alire\/category\/auteurs-contemporains\/%C2%A9-conton-julie-gerard\/\">G\u00e9rard  Conton<\/a><\/p>\n<p><a title=\"En savoir +\" href=\"https:\/\/www.o-p-i.fr\/7alire\/category\/auteurs-contemporains\/%C2%A9-conton-julie-gerard\/\"> <\/a><\/p>\n<p><a title=\"En savoir +\" href=\"https:\/\/www.o-p-i.fr\/7alire\/category\/auteurs-contemporains\/%C2%A9-conton-julie-gerard\/\">Julie Conton<\/a><\/p>\n<p><a title=\"En savoir +\" href=\"https:\/\/www.o-p-i.fr\/7alire\/category\/auteurs-contemporains\/%C2%A9-rannou-claude\/\">Claude Rannou<\/a><\/p>\n<p><a title=\"En savoir +\" href=\"https:\/\/www.o-p-i.fr\/7alire\/category\/auteurs-contemporains\/%C2%A9-thibout-pivert-claudine\/\">Claudine Thibout Pivert.<\/a><\/p>\n<p><a title=\"En savoir +\" href=\"https:\/\/www.o-p-i.fr\/7alire\/category\/auteurs-contemporains\/%C2%A9-coustals-jacques\/\">Jacques Coustals<\/a><\/p>\n","protected":false},"excerpt":{"rendered":"<div class=\"mh-excerpt\">Auteurs inscrits : Les auteurs en rouge ont leur pr\u00e9sentation sur ce site ; cliquez sur leur nom pour y acc\u00e9der ! Elisabeth Val\u00e9ry Eve Marinone Michel Lucien Robert S. Martin Jean Salabert G\u00e9rard Conton <a class=\"mh-excerpt-more\" href=\"https:\/\/www.o-p-i.fr\/7alire\/7-a-lire-actu\/5eme-salon-du-livre-de-la-montagne-montredon-labessonie-81-dimanche-7-decembre-2014\/\" title=\"5\u00e8me Salon du Livre de la Montagne. Montredon Labessoni\u00e9 (81). Dimanche 7 D\u00e9cembre 2014.\">[&#8230;]<\/a><\/div>\n","protected":false},"author":2,"featured_media":0,"comment_status":"open","ping_status":"open","sticky":false,"template":"","format":"standard","meta":{"_jetpack_memberships_contains_paid_content":false,"footnotes":"","_links_to":"","_links_to_target":""},"categories":[3,14],"tags":[48,882,741,187,9],"coauthors":[],"class_list":{"0":"post-11518","1":"post","2":"type-post","3":"status-publish","4":"format-standard","6":"category-7-a-lire-actu","7":"category-salon-du-livre-7-a-lire-actu","8":"tag-auteur","9":"tag-montagne","10":"tag-montredon-labessonnie","11":"tag-rencontre","12":"tag-salon-du-livre"},"jetpack_featured_media_url":"","jetpack_sharing_enabled":true,"_links":{"self":[{"href":"https:\/\/www.o-p-i.fr\/7alire\/wp-json\/wp\/v2\/posts\/11518","targetHints":{"allow":["GET"]}}],"collection":[{"href":"https:\/\/www.o-p-i.fr\/7alire\/wp-json\/wp\/v2\/posts"}],"about":[{"href":"https:\/\/www.o-p-i.fr\/7alire\/wp-json\/wp\/v2\/types\/post"}],"author":[{"embeddable":true,"href":"https:\/\/www.o-p-i.fr\/7alire\/wp-json\/wp\/v2\/users\/2"}],"replies":[{"embeddable":true,"href":"https:\/\/www.o-p-i.fr\/7alire\/wp-json\/wp\/v2\/comments?post=11518"}],"version-history":[{"count":4,"href":"https:\/\/www.o-p-i.fr\/7alire\/wp-json\/wp\/v2\/posts\/11518\/revisions"}],"predecessor-version":[{"id":11521,"href":"https:\/\/www.o-p-i.fr\/7alire\/wp-json\/wp\/v2\/posts\/11518\/revisions\/11521"}],"wp:attachment":[{"href":"https:\/\/www.o-p-i.fr\/7alire\/wp-json\/wp\/v2\/media?parent=11518"}],"wp:term":[{"taxonomy":"category","embeddable":true,"href":"https:\/\/www.o-p-i.fr\/7alire\/wp-json\/wp\/v2\/categories?post=11518"},{"taxonomy":"post_tag","embeddable":true,"href":"https:\/\/www.o-p-i.fr\/7alire\/wp-json\/wp\/v2\/tags?post=11518"},{"taxonomy":"author","embeddable":true,"href":"https:\/\/www.o-p-i.fr\/7alire\/wp-json\/wp\/v2\/coauthors?post=11518"}],"curies":[{"name":"wp","href":"https:\/\/api.w.org\/{rel}","templated":true}]}}