{"id":12130,"date":"2015-02-04T16:52:16","date_gmt":"2015-02-04T14:52:16","guid":{"rendered":"\/7alire\/?p=12130"},"modified":"2015-02-04T16:53:29","modified_gmt":"2015-02-04T14:53:29","slug":"la-belugueta-de-tg%e2%80%99oc-vous-informe-trioc-56-au-grifol","status":"publish","type":"post","link":"https:\/\/www.o-p-i.fr\/7alire\/non-classe\/la-belugueta-de-tg%e2%80%99oc-vous-informe-trioc-56-au-grifol\/","title":{"rendered":"La belugueta de TG\u2019OC vous informe : TRIOC 56 au Grifol"},"content":{"rendered":"<p style=\"text-align: justify;\">Le Soleil a rencontr\u00e9 la lune. <!--more--><\/p>\n<p style=\"text-align: justify;\">\n<figure id=\"attachment_12131\" aria-describedby=\"caption-attachment-12131\" style=\"width: 300px\" class=\"wp-caption alignright\"><a href=\"https:\/\/www.o-p-i.fr\/7alire\/wp-content\/uploads\/francoisevilleneuve.jpg\"><img loading=\"lazy\" decoding=\"async\" class=\"size-medium wp-image-12131\" title=\"Fran\u00e7oise Villeneuve\" src=\"https:\/\/www.o-p-i.fr\/7alire\/wp-content\/uploads\/francoisevilleneuve-300x230.jpg\" alt=\"Fran\u00e7oise Villeneuve\" width=\"300\" height=\"230\" srcset=\"https:\/\/www.o-p-i.fr\/7alire\/wp-content\/uploads\/francoisevilleneuve-300x230.jpg 300w, https:\/\/www.o-p-i.fr\/7alire\/wp-content\/uploads\/francoisevilleneuve.jpg 437w\" sizes=\"auto, (max-width: 300px) 100vw, 300px\" \/><\/a><figcaption id=\"caption-attachment-12131\" class=\"wp-caption-text\">Fran\u00e7oise Marc-Villeneuve<\/figcaption><\/figure>\n<p style=\"text-align: justify;\">L&rsquo;ADOC Tarn &#8211; Ostal del Pa\u00efs occitan \u2013 pr\u00e9sente les \u0153uvres de Fran\u00e7oise MARC VILLENEUVE et Jean Claude FLOTTES<\/p>\n<p style=\"text-align: justify;\">Deux univers se t\u00e9lescopent, totalement diff\u00e9rents&#8230; En apparence, mais \u00e0 bien y regarder des similitudes les caract\u00e9risent : Chacune des \u0153uvres s&rsquo;appuie sur un dessin tr\u00e8s pr\u00e9cis, les couleurs ont la m\u00eame franchise et sont toutes aussi radieuses et lumineuses. Elles sont pos\u00e9es en aplats se fondant par endroits.Une apparence fronti\u00e8re entre volume et image \u00e0 deux dimensions se r\u00e9v\u00e8le pareillement chez les deux artistes avec pour Fran\u00e7oise VILLENEUVE-MARC une expression plus onirique, plus tendre, plus sensible et une vision plus surr\u00e9aliste \u00e0 l&rsquo;\u00e9rotisme sous-jacent pour Jean Claude FLOTTES dit \u00ab DJICE \u00bb.<\/p>\n<p style=\"text-align: justify;\">&#8211; D\u00e8s son enfance Fran\u00e7oise MARC-VILLENEUVE est initi\u00e9e \u00e0 la peinture et au modelage dans l&rsquo;atelier de son p\u00e8re peintre et sculpteur Jean MARC. Elle y rencontre de nombreux artistes qui contribuent \u00e9galement \u00e0 sa formation. Vient ensuite un apprentissage de la c\u00e9ramique chez plusieurs potiers en France et au Canada.Depuis 1976, date \u00e0 laquelle elle s&rsquo;installe comme peintre et c\u00e9ramiste, elle participe \u00e0 de nombreuses expositions personnelles ou en groupe. Animatrice de cours et stages d&rsquo;Arts Plastiques \u00e0 Albi et aupr\u00e8s de l&rsquo;Acad\u00e9mie du Tarn, elle fait partager sa passion aux adultes ainsi qu&rsquo;aux enfants. Ses cr\u00e9ations figurent dans de nombreuses collections priv\u00e9es en France et \u00e0 l&rsquo;\u00e9tranger.<br \/>\nExtrait du Blog \u00ab Aquarelle en voyage \u00bb.<br \/>\n\u00ab Fran\u00e7oise MARC poss\u00e8de de multiples talents d&rsquo;artiste peintre, illustratrice et c\u00e9ramiste. D&rsquo;inspiration po\u00e9tique, les \u0153uvres de Fran\u00e7oise s&rsquo;inscrivent dans une f\u00eate joviale et color\u00e9e, empreinte d&rsquo;une libert\u00e9 quasi enfantine qui fleure bon un univers sans fronti\u00e8re&#8230; Ici, le r\u00eave se concr\u00e9tise au seuil d&rsquo;un imaginaire devenu r\u00e9alit\u00e9 par la magie d&rsquo;un voyage extraordinaire.<\/p>\n<p style=\"text-align: justify;\">&#8211; Jean Claude FLOTTES &#8211; \u00ab DJICE \u00bb. Jeune, le dessin \u00e9tait pour moi une attraction distrayante. Au long de ma vie, il s&rsquo;est lentement transform\u00e9, devenant plus concis, plus incisif ou bien selon les ressentis du moment plus en rondeur et en tendresse. C&rsquo;est pour moi un moyen d&rsquo;expression plus direct et plus facile que le discours ou l&rsquo;\u00e9criture. La mani\u00e8re d&rsquo;exorciser les contraintes de l&rsquo;existence et d&rsquo;exprimer d&rsquo;une fa\u00e7on plus profonde et plus dissimul\u00e9e les \u00e9gratignures de la vie, fut la transformation de mes dessins en peinture aux couleurs franches et rayonnantes. En fait, l&rsquo;art en constance \u00e9volution, est le reflet de ce que nous sommes.<\/p>\n<p style=\"text-align: justify;\">&#8211; Domaine Salvy : le vignoble du Gaillacois existe depuis plus de mille ans, situ\u00e9 entre Toulouse et Rodez, les vignes s&rsquo;\u00e9tendent autour de la ville de Gaillac qui lui a donn\u00e9 son nom. La propri\u00e9t\u00e9 s&rsquo;\u00e9tale sur ces coteaux maigres o\u00f9 ne poussent que la vigne, les ch\u00eanes verts et les cailloux. Du haut de ces coteaux pierreux qui surplombent la V\u00e8re, o\u00f9 la vigne puise son \u00e9nergie au plus profond du sol, nous cultivons les c\u00e9pages \u00e0 l&rsquo;accent gaillacois \u00e0 savoir le Duras et le Braucol pour les rouges, le Mauzac et le Lu\u00e8nh de l&rsquo;U\u00e8lh \/Lenc de l&rsquo;el pour les blancs. Depuis cinq g\u00e9n\u00e9rations, Anne Marc et Patrick Surel ont h\u00e9rit\u00e9 du pr\u00e9cieux savoir-faire de l&rsquo;a\u00efeul au pr\u00e9nom de \u00ab Salvy \u00bb d&rsquo;o\u00f9 le nom de la propri\u00e9t\u00e9.<\/p>\n<p style=\"text-align: justify;\">&#8211; Gaec le Bescan : Guy De Moor a progressivement abandonn\u00e9 la culture de la vigne qui demandait d&rsquo;\u00e9normes investissements afin de faire un vin de qualit\u00e9, pour privil\u00e9gier la production de lait. Apr\u00e8s l&rsquo;obtention du bac, Nicolas, un de ses fils, ne veut pas poursuivre des \u00e9tudes, il souhaite rester \u00e0 la ferme ; en 1997, il devient l&rsquo;associ\u00e9 de son p\u00e8re au sein du GAEC Le Bescan. Aujourd&rsquo;hui, ils cultivent pr\u00e8s d&rsquo;une centaine d&rsquo;hectares et sont \u00e0 la t\u00eate d&rsquo;un cheptel de 45 vaches laiti\u00e8res et d&rsquo;une quarantaine de g\u00e9nisses pour le renouvellement de races frisonne et montb\u00e9liarde. Depuis deux ans, sur le plateau de Virac, ils fabriquent des fromages au lait de vache : tome, camembert, yaourts, faisselles et fromages blancs dans leur fromagerie artisanale \u00ab selon des m\u00e9thodes ancestrales \u00bb. La vente \u00e0 la ferme a lieu le vendredi et le samedi apr\u00e8s-midi ; ils effectuent des livraisons r\u00e9guli\u00e8res \u00e0 Cordes, Cahuzac sur V\u00e8re, Gaillac, Albi, Carmaux, R\u00e9almont, Castres et Mazamet dans de nombreuses sup\u00e9rettes ou magasins sp\u00e9cialis\u00e9s. Guy et Nicolas seront heureux de vous accueillir samedi (14 h \u00e0 18 h) et dimanche (10 h 30 \u00e0 18 h) au lieu dit \u00ab Le Pouget \u00bb, tout pr\u00e8s du charmant village de Virac, pour vous faire d\u00e9couvrir l&rsquo;exploitation, la salle de traite \u00e0 la fromagerie, go\u00fbter leurs produits tout en vous faisant partager la passion de leur m\u00e9tier. Pour eux, rien de plus normal que ces \u00e9changes qui participent \u00e0 une meilleure connaissance du monde rural. Ils pratiquent cette p\u00e9dagogie depuis plusieurs ann\u00e9es dans le cadre du r\u00e9seau fermes-\u00e9coles du Tarn. Guy a m\u00eame r\u00e9alis\u00e9 un film qui retrace la vie de la ferme \u00e0 travers les travaux propres \u00e0 chaque saison et qu&rsquo;il projette aux \u00e9coliers.<\/p>\n<p style=\"text-align: justify;\">\n<p style=\"text-align: justify;\"><strong>Exposition :<\/strong> du 2 au 27 f\u00e9vrier 2015<br \/>\n<strong>Ouverture :<\/strong> du lundi au vendredi de 13 h 30 \u00e0 17 h 30<\/p>\n<p style=\"text-align: justify;\"><strong>Vernissage<\/strong> : vendredi 6 f\u00e9vrier 2015 \u00e0 partir de 18 h 30<\/p>\n<p style=\"text-align: justify;\">Entr\u00e9e  libre et gratuite.<\/p>\n<p style=\"text-align: justify;\"><span style=\"color: #99cc00;\"><strong>Contact : <\/strong><\/span>\u00ab Lo Grifol \u00bb<br \/>\n3 rue Perotty (apr\u00e8s le pont Vieux, c\u00f4t\u00e9 La Madeleine)<br \/>\nAlbi.<\/p>\n<p style=\"text-align: justify;\">T\u00e9l. : 05 63 53 30 41<\/p>\n","protected":false},"excerpt":{"rendered":"<div class=\"mh-excerpt\">Le Soleil a rencontr\u00e9 la lune.<\/div>\n","protected":false},"author":2,"featured_media":0,"comment_status":"open","ping_status":"open","sticky":false,"template":"","format":"standard","meta":{"_jetpack_memberships_contains_paid_content":false,"footnotes":"","_links_to":"","_links_to_target":""},"categories":[1],"tags":[235,419,1080],"coauthors":[],"class_list":{"0":"post-12130","1":"post","2":"type-post","3":"status-publish","4":"format-standard","6":"category-non-classe","7":"tag-albi","8":"tag-expo","9":"tag-trioc"},"jetpack_featured_media_url":"","jetpack_sharing_enabled":true,"_links":{"self":[{"href":"https:\/\/www.o-p-i.fr\/7alire\/wp-json\/wp\/v2\/posts\/12130","targetHints":{"allow":["GET"]}}],"collection":[{"href":"https:\/\/www.o-p-i.fr\/7alire\/wp-json\/wp\/v2\/posts"}],"about":[{"href":"https:\/\/www.o-p-i.fr\/7alire\/wp-json\/wp\/v2\/types\/post"}],"author":[{"embeddable":true,"href":"https:\/\/www.o-p-i.fr\/7alire\/wp-json\/wp\/v2\/users\/2"}],"replies":[{"embeddable":true,"href":"https:\/\/www.o-p-i.fr\/7alire\/wp-json\/wp\/v2\/comments?post=12130"}],"version-history":[{"count":4,"href":"https:\/\/www.o-p-i.fr\/7alire\/wp-json\/wp\/v2\/posts\/12130\/revisions"}],"predecessor-version":[{"id":12135,"href":"https:\/\/www.o-p-i.fr\/7alire\/wp-json\/wp\/v2\/posts\/12130\/revisions\/12135"}],"wp:attachment":[{"href":"https:\/\/www.o-p-i.fr\/7alire\/wp-json\/wp\/v2\/media?parent=12130"}],"wp:term":[{"taxonomy":"category","embeddable":true,"href":"https:\/\/www.o-p-i.fr\/7alire\/wp-json\/wp\/v2\/categories?post=12130"},{"taxonomy":"post_tag","embeddable":true,"href":"https:\/\/www.o-p-i.fr\/7alire\/wp-json\/wp\/v2\/tags?post=12130"},{"taxonomy":"author","embeddable":true,"href":"https:\/\/www.o-p-i.fr\/7alire\/wp-json\/wp\/v2\/coauthors?post=12130"}],"curies":[{"name":"wp","href":"https:\/\/api.w.org\/{rel}","templated":true}]}}