{"id":12169,"date":"2015-03-10T18:19:02","date_gmt":"2015-03-10T16:19:02","guid":{"rendered":"\/7alire\/?p=12169"},"modified":"2015-03-10T18:19:02","modified_gmt":"2015-03-10T16:19:02","slug":"prix-ader-2015-participez-avant-le-15-mars-2015","status":"publish","type":"post","link":"https:\/\/www.o-p-i.fr\/7alire\/7-a-lire-actu\/prix-ader-2015-participez-avant-le-15-mars-2015\/","title":{"rendered":"Prix ADER 2015 : Participez avant le 15 mars 2015 !"},"content":{"rendered":"<p>L\u2019Amicale des \u00c9crivains R\u00e9gionaux (ADER) d\u00e9cernera en 2015 un Prix litt\u00e9raire ouvert \u00e0 tous les \u00e9crivains francophones.<br \/>\nIl sera attribu\u00e9 \u00e0 une nouvelle \u00e9dit\u00e9e en 2013 ou 2014, non prim\u00e9e par un autre Prix.<br \/>\nUn exemplaire du livre original dans lequel la nouvelle est publi\u00e9e ainsi que trois copies de la nouvelle seront envoy\u00e9s, par courrier postal non recommand\u00e9, au si\u00e8ge de l\u2019Amicale avant le 15 mars 2015, avec toutes les r\u00e9f\u00e9rences de son \u00e9dition.<br \/>\nUne lettre de candidature sera jointe \u00e0 l\u2019envoi. Elle comportera les coordonn\u00e9es de l\u2019exp\u00e9diteur : nom, pr\u00e9nom, adresse postale, adresse courriel, n\u00b0 de t\u00e9l\u00e9phone ainsi que 2 enveloppes timbr\u00e9es pour recevoir l\u2019accus\u00e9 de r\u00e9ception de l\u2019envoi et le palmar\u00e8s.<br \/>\nPour couvrir les frais de gestion du prix, chaque candidat devra joindre \u00e0 son envoi la somme de 5 \u20ac pour les adh\u00e9rents de l\u2019Amicale des \u00c9crivains R\u00e9gionaux et de 10 \u20ac pour les non-adh\u00e9rents, sous forme d&rsquo;un ch\u00e8que \u00e0 l&rsquo;ordre de l&rsquo;ADER.<br \/>\nLe jury sera compos\u00e9 d\u2019\u00e9crivains membres de l\u2019Amicale. Ses d\u00e9cisions seront sans appel.<br \/>\nLe laur\u00e9at prim\u00e9 recevra un dipl\u00f4me, dont il pourra faire un usage promotionnel, ainsi qu&rsquo;un lot de bandes qu\u2019il pourra ajouter \u00e0 la couverture de son livre. La bande\u00a0 comportera le titre et la date du Prix, ainsi que son origine, l\u2019Amicale des \u00c9crivains R\u00e9gionaux.<br \/>\nL\u2019attribution du Prix aura lieu au Salon du Livre de Figeac (Lot), dimanche 31 mai 2015.<br \/>\nLes livres et les copies des nouvelles non prim\u00e9es ne seront pas retourn\u00e9s \u00e0 leurs auteurs.<br \/>\nLa participation au prix litt\u00e9raire ADER implique l\u2019acceptation totale du pr\u00e9sent r\u00e8glement.<\/p>\n<p><span style=\"color: #99cc00;\"><strong>Contact :<\/strong> <\/span>Amicale des \u00c9crivains R\u00e9gionaux\u00a0 (ADER)<br \/>\n23 rue des Cr\u00eates<br \/>\n12850 ONET LE CHATEAU<br \/>\nSite : <a title=\"Ouvre le site dans une nouvelle fen\u00eatre\" href=\"http:\/\/www.amicaledesecrivains.fr\" target=\"_blank\">www.amicaledesecrivains.fr<\/a><\/p>\n","protected":false},"excerpt":{"rendered":"<div class=\"mh-excerpt\">L\u2019Amicale des \u00c9crivains R\u00e9gionaux (ADER) d\u00e9cernera en 2015 un Prix litt\u00e9raire ouvert \u00e0 tous les \u00e9crivains francophones. Il sera attribu\u00e9 \u00e0 une nouvelle \u00e9dit\u00e9e en 2013 ou 2014, non prim\u00e9e par un autre Prix. Un <a class=\"mh-excerpt-more\" href=\"https:\/\/www.o-p-i.fr\/7alire\/7-a-lire-actu\/prix-ader-2015-participez-avant-le-15-mars-2015\/\" title=\"Prix ADER 2015 : Participez avant le 15 mars 2015 !\">[&#8230;]<\/a><\/div>\n","protected":false},"author":3,"featured_media":0,"comment_status":"open","ping_status":"open","sticky":false,"template":"","format":"standard","meta":{"_jetpack_memberships_contains_paid_content":false,"footnotes":"","_links_to":"","_links_to_target":""},"categories":[3,267,17],"tags":[262,1419,3640,738,495],"coauthors":[],"class_list":{"0":"post-12169","1":"post","2":"type-post","3":"status-publish","4":"format-standard","6":"category-7-a-lire-actu","7":"category-7-a-savoir-ont-anar","8":"category-amicale_ecrivain","9":"tag-ader","10":"tag-figeac","11":"tag-nouvelle","12":"tag-prix","13":"tag-salon"},"jetpack_featured_media_url":"","jetpack_sharing_enabled":true,"_links":{"self":[{"href":"https:\/\/www.o-p-i.fr\/7alire\/wp-json\/wp\/v2\/posts\/12169","targetHints":{"allow":["GET"]}}],"collection":[{"href":"https:\/\/www.o-p-i.fr\/7alire\/wp-json\/wp\/v2\/posts"}],"about":[{"href":"https:\/\/www.o-p-i.fr\/7alire\/wp-json\/wp\/v2\/types\/post"}],"author":[{"embeddable":true,"href":"https:\/\/www.o-p-i.fr\/7alire\/wp-json\/wp\/v2\/users\/3"}],"replies":[{"embeddable":true,"href":"https:\/\/www.o-p-i.fr\/7alire\/wp-json\/wp\/v2\/comments?post=12169"}],"version-history":[{"count":3,"href":"https:\/\/www.o-p-i.fr\/7alire\/wp-json\/wp\/v2\/posts\/12169\/revisions"}],"predecessor-version":[{"id":12303,"href":"https:\/\/www.o-p-i.fr\/7alire\/wp-json\/wp\/v2\/posts\/12169\/revisions\/12303"}],"wp:attachment":[{"href":"https:\/\/www.o-p-i.fr\/7alire\/wp-json\/wp\/v2\/media?parent=12169"}],"wp:term":[{"taxonomy":"category","embeddable":true,"href":"https:\/\/www.o-p-i.fr\/7alire\/wp-json\/wp\/v2\/categories?post=12169"},{"taxonomy":"post_tag","embeddable":true,"href":"https:\/\/www.o-p-i.fr\/7alire\/wp-json\/wp\/v2\/tags?post=12169"},{"taxonomy":"author","embeddable":true,"href":"https:\/\/www.o-p-i.fr\/7alire\/wp-json\/wp\/v2\/coauthors?post=12169"}],"curies":[{"name":"wp","href":"https:\/\/api.w.org\/{rel}","templated":true}]}}