{"id":12177,"date":"2015-02-10T20:14:18","date_gmt":"2015-02-10T18:14:18","guid":{"rendered":"\/7alire\/?p=12177"},"modified":"2015-02-10T20:14:29","modified_gmt":"2015-02-10T18:14:29","slug":"pascale-gueillet-biographie","status":"publish","type":"post","link":"https:\/\/www.o-p-i.fr\/7alire\/7-a-lire-actu\/7-a-lire-pour-les-enfants\/pascale-gueillet-biographie\/","title":{"rendered":"Pascale GUEILLET. Biographie"},"content":{"rendered":"<p style=\"text-align: justify;\">\n<figure id=\"attachment_12180\" aria-describedby=\"caption-attachment-12180\" style=\"width: 244px\" class=\"wp-caption alignleft\"><a href=\"https:\/\/www.o-p-i.fr\/7alire\/wp-content\/uploads\/pascalegueillet.jpg\"><img loading=\"lazy\" decoding=\"async\" class=\"size-full wp-image-12180\" title=\"Pascale GUEILLET\" src=\"https:\/\/www.o-p-i.fr\/7alire\/wp-content\/uploads\/pascalegueillet.jpg\" alt=\"Pascale GUEILLET\" width=\"244\" height=\"194\" \/><\/a><figcaption id=\"caption-attachment-12180\" class=\"wp-caption-text\">Pascale GUEILLET<\/figcaption><\/figure>\n<p style=\"text-align: justify;\">Auteur-compositeur-interpr\u00e8te pour l&rsquo;enfance, je vis, cr\u00e9e et con\u00e7ois mes albums en Ari\u00e8ge. Ind\u00e9pendante, j&rsquo;ai cr\u00e9\u00e9 mon groupe Chapeaubleu en 2003 et vais \u00e0 la rencontre de mon public dans les salons du livre jeunesse. Je tourne en concert en France et en Belgique.<br \/>\nChaque projet musical fait appel \u00e0 des peintres et graphistes qui illustrent mes chansons avec talent. Leurs univers tous diff\u00e9rents, est un vrai coup de c\u0153ur \u00e0 chaque fois.<br \/>\n<strong><\/strong><\/p>\n<p style=\"text-align: justify;\"><strong>La vie de chapeau<\/strong>, chansons \u00e0 swinguer, \u00e0 rire, \u00e0 rock&rsquo;n&rsquo;roller que les parents \u00e9coutent en cachette, illustr\u00e9 par Benjamin Garreau.<br \/>\n<strong>Sur les chapeaux de roues<\/strong>, carnet de voyage musical en quintet, illustr\u00e9 par Andr\u00e9 Pons \/ \u00e9puis\u00e9 \/<br \/>\n<strong>Chapotiron<\/strong>, voyage musical et nomade pour l&rsquo;enfance,  \u00e9lu coup de coeur des biblioth\u00e8ques de la ville de Paris en 2011, illustr\u00e9 par Anneliese Guttenberger<br \/>\n<strong>Envole-toi<\/strong>, chansons \u00e0 partager avec les b\u00e9b\u00e9s, coup de coeur du magazine Montessori \u00ab\u00a0L&rsquo;enfant et la vie\u00a0\u00bb, illustr\u00e9 par Isabelle Gueillet<br \/>\nA paraitre en Mai 2015 :<br \/>\n<strong>Chanteline<\/strong>, l&rsquo;une chante, l&rsquo;autre dessine, chansons \u00e0 vivre par la toute petite enfance, illustr\u00e9 par Pascale Breysse.<\/p>\n<p style=\"text-align: justify;\"><span style=\"color: #99cc00;\"><strong>Contact : <\/strong><\/span><br \/>\nT\u00e9l. : 05 34 01 55 85 \/ 06 27 27 57 40<br \/>\nCourriel : <a href=\"mailto:chapeau.bleu@yahoo.fr\">chapeau.bleu@yahoo.fr<\/a><br \/>\nSite : <a title=\"Ouvre le site dans une nouvelle fen\u00eatre\" href=\"http:\/\/www.info-groupe.com\/chapeaubleu\/\" target=\"_blank\">www.info-groupe.com\/chapeaubleu\/<\/a><\/p>\n","protected":false},"excerpt":{"rendered":"<div class=\"mh-excerpt\">Auteur-compositeur-interpr\u00e8te pour l&rsquo;enfance, je vis, cr\u00e9e et con\u00e7ois mes albums en Ari\u00e8ge. Ind\u00e9pendante, j&rsquo;ai cr\u00e9\u00e9 mon groupe Chapeaubleu en 2003 et vais \u00e0 la rencontre de mon public dans les salons du livre jeunesse. Je <a class=\"mh-excerpt-more\" href=\"https:\/\/www.o-p-i.fr\/7alire\/7-a-lire-actu\/7-a-lire-pour-les-enfants\/pascale-gueillet-biographie\/\" title=\"Pascale GUEILLET. Biographie\">[&#8230;]<\/a><\/div>\n","protected":false},"author":3,"featured_media":0,"comment_status":"open","ping_status":"open","sticky":false,"template":"","format":"standard","meta":{"_jetpack_memberships_contains_paid_content":false,"footnotes":"","_links_to":"","_links_to_target":""},"categories":[2957,66],"tags":[1669,142,48,1720,2954,2956,1836,2955,1372,918],"coauthors":[],"class_list":{"0":"post-12177","1":"post","2":"type-post","3":"status-publish","4":"format-standard","6":"category--gueillet-pascale","7":"category-7-a-lire-pour-les-enfants","8":"tag-album","9":"tag-ariege","10":"tag-auteur","11":"tag-belgique","12":"tag-compositeur","13":"tag-concert-france","14":"tag-graphiste","15":"tag-interprete","16":"tag-musical","17":"tag-peintre"},"jetpack_featured_media_url":"","jetpack_sharing_enabled":true,"_links":{"self":[{"href":"https:\/\/www.o-p-i.fr\/7alire\/wp-json\/wp\/v2\/posts\/12177","targetHints":{"allow":["GET"]}}],"collection":[{"href":"https:\/\/www.o-p-i.fr\/7alire\/wp-json\/wp\/v2\/posts"}],"about":[{"href":"https:\/\/www.o-p-i.fr\/7alire\/wp-json\/wp\/v2\/types\/post"}],"author":[{"embeddable":true,"href":"https:\/\/www.o-p-i.fr\/7alire\/wp-json\/wp\/v2\/users\/3"}],"replies":[{"embeddable":true,"href":"https:\/\/www.o-p-i.fr\/7alire\/wp-json\/wp\/v2\/comments?post=12177"}],"version-history":[{"count":3,"href":"https:\/\/www.o-p-i.fr\/7alire\/wp-json\/wp\/v2\/posts\/12177\/revisions"}],"predecessor-version":[{"id":12182,"href":"https:\/\/www.o-p-i.fr\/7alire\/wp-json\/wp\/v2\/posts\/12177\/revisions\/12182"}],"wp:attachment":[{"href":"https:\/\/www.o-p-i.fr\/7alire\/wp-json\/wp\/v2\/media?parent=12177"}],"wp:term":[{"taxonomy":"category","embeddable":true,"href":"https:\/\/www.o-p-i.fr\/7alire\/wp-json\/wp\/v2\/categories?post=12177"},{"taxonomy":"post_tag","embeddable":true,"href":"https:\/\/www.o-p-i.fr\/7alire\/wp-json\/wp\/v2\/tags?post=12177"},{"taxonomy":"author","embeddable":true,"href":"https:\/\/www.o-p-i.fr\/7alire\/wp-json\/wp\/v2\/coauthors?post=12177"}],"curies":[{"name":"wp","href":"https:\/\/api.w.org\/{rel}","templated":true}]}}