{"id":1228,"date":"2009-10-12T16:10:54","date_gmt":"2009-10-12T14:10:54","guid":{"rendered":"\/7alire\/?p=1228"},"modified":"2009-10-12T16:11:02","modified_gmt":"2009-10-12T14:11:02","slug":"l%e2%80%99occitanie-qu%e2%80%99es-aquo","status":"publish","type":"post","link":"https:\/\/www.o-p-i.fr\/7alire\/auteurs-contemporains\/%c2%a9-rey-nadal\/l%e2%80%99occitanie-qu%e2%80%99es-aquo\/","title":{"rendered":"L\u2019Occitanie, qu\u2019es aqu\u00f2 ?"},"content":{"rendered":"<p style=\"text-align: justify;\">\n<figure id=\"attachment_1229\" aria-describedby=\"caption-attachment-1229\" style=\"width: 100px\" class=\"wp-caption alignleft\"><img loading=\"lazy\" decoding=\"async\" class=\"size-full wp-image-1229\" title=\"L\u2019Occitanie, qu\u2019es aqu\u00f2 ?\" src=\"https:\/\/www.o-p-i.fr\/7alire\/wp-content\/uploads\/occ_ques_aquo_rey.jpg\" alt=\"L\u2019Occitanie, qu\u2019es aqu\u00f2 ?\" width=\"100\" height=\"133\" \/><figcaption id=\"caption-attachment-1229\" class=\"wp-caption-text\">L\u2019Occitanie, qu\u2019es aqu\u00f2 ?<\/figcaption><\/figure>\n<p style=\"text-align: justify;\">Brochure reprenant le texte de la conf\u00e9rence donn\u00e9e par Nadal REY le 19 ao\u00fbt 2004 \u00e0 Montauban, pour l\u2019association \u00abR\u00e9veil occitan de Tarn et Garonne\u00bb.<\/p>\n<p style=\"text-align: justify;\"><span style=\"color: #003366;\"><em>4\u20ac +1\u20ac d\u2019exp\u00e9dition. A commander \u00e0 Autriche et Pays d\u2019Oc.<\/em><\/span><\/p>\n","protected":false},"excerpt":{"rendered":"<div class=\"mh-excerpt\">Brochure reprenant le texte de la conf\u00e9rence donn\u00e9e par Nadal REY le 19 ao\u00fbt 2004 \u00e0 Montauban, pour l\u2019association \u00abR\u00e9veil occitan de Tarn et Garonne\u00bb. 4\u20ac +1\u20ac d\u2019exp\u00e9dition. A commander \u00e0 Autriche et Pays d\u2019Oc.<\/div>\n","protected":false},"author":1,"featured_media":0,"comment_status":"open","ping_status":"open","sticky":false,"template":"","format":"standard","meta":{"_jetpack_memberships_contains_paid_content":false,"footnotes":"","_links_to":"","_links_to_target":""},"categories":[225],"tags":[226,8],"coauthors":[],"class_list":{"0":"post-1228","1":"post","2":"type-post","3":"status-publish","4":"format-standard","6":"category--rey-nadal","7":"tag-nadal-rey","8":"tag-occitan"},"jetpack_featured_media_url":"","jetpack_sharing_enabled":true,"_links":{"self":[{"href":"https:\/\/www.o-p-i.fr\/7alire\/wp-json\/wp\/v2\/posts\/1228","targetHints":{"allow":["GET"]}}],"collection":[{"href":"https:\/\/www.o-p-i.fr\/7alire\/wp-json\/wp\/v2\/posts"}],"about":[{"href":"https:\/\/www.o-p-i.fr\/7alire\/wp-json\/wp\/v2\/types\/post"}],"author":[{"embeddable":true,"href":"https:\/\/www.o-p-i.fr\/7alire\/wp-json\/wp\/v2\/users\/1"}],"replies":[{"embeddable":true,"href":"https:\/\/www.o-p-i.fr\/7alire\/wp-json\/wp\/v2\/comments?post=1228"}],"version-history":[{"count":2,"href":"https:\/\/www.o-p-i.fr\/7alire\/wp-json\/wp\/v2\/posts\/1228\/revisions"}],"predecessor-version":[{"id":1231,"href":"https:\/\/www.o-p-i.fr\/7alire\/wp-json\/wp\/v2\/posts\/1228\/revisions\/1231"}],"wp:attachment":[{"href":"https:\/\/www.o-p-i.fr\/7alire\/wp-json\/wp\/v2\/media?parent=1228"}],"wp:term":[{"taxonomy":"category","embeddable":true,"href":"https:\/\/www.o-p-i.fr\/7alire\/wp-json\/wp\/v2\/categories?post=1228"},{"taxonomy":"post_tag","embeddable":true,"href":"https:\/\/www.o-p-i.fr\/7alire\/wp-json\/wp\/v2\/tags?post=1228"},{"taxonomy":"author","embeddable":true,"href":"https:\/\/www.o-p-i.fr\/7alire\/wp-json\/wp\/v2\/coauthors?post=1228"}],"curies":[{"name":"wp","href":"https:\/\/api.w.org\/{rel}","templated":true}]}}