{"id":12289,"date":"2015-08-20T10:11:42","date_gmt":"2015-08-20T08:11:42","guid":{"rendered":"\/7alire\/?p=12289"},"modified":"2022-02-18T16:09:19","modified_gmt":"2022-02-18T14:09:19","slug":"12eme-salon-du-livre-de-monclar-de-quercy-82-dimanche-30-aout-2015","status":"publish","type":"post","link":"https:\/\/www.o-p-i.fr\/7alire\/7-a-lire-actu\/12eme-salon-du-livre-de-monclar-de-quercy-82-dimanche-30-aout-2015\/","title":{"rendered":"12\u00e8me Salon du Livre de Monclar de Quercy (82). Dimanche 30 Ao\u00fbt 2015."},"content":{"rendered":"<figure id=\"attachment_12290\" aria-describedby=\"caption-attachment-12290\" style=\"width: 400px\" class=\"wp-caption alignright\"><a href=\"https:\/\/www.o-p-i.fr\/7alire\/wp-content\/uploads\/salondulivremonclar2015.jpg\"><img loading=\"lazy\" decoding=\"async\" class=\"wp-image-12290\" src=\"https:\/\/www.o-p-i.fr\/7alire\/wp-content\/uploads\/salondulivremonclar2015.jpg\" alt=\"Salon du livre Monclar de Quercy 2015\" width=\"400\" height=\"557\" srcset=\"https:\/\/www.o-p-i.fr\/7alire\/wp-content\/uploads\/salondulivremonclar2015.jpg 460w, https:\/\/www.o-p-i.fr\/7alire\/wp-content\/uploads\/salondulivremonclar2015-215x300.jpg 215w\" sizes=\"auto, (max-width: 400px) 100vw, 400px\" \/><\/a><figcaption id=\"caption-attachment-12290\" class=\"wp-caption-text\">Salon du livre Monclar de Quercy 2015<\/figcaption><\/figure>\n<p><strong>Liste des auteurs inscrits <\/strong>(liste susceptible de modifications).<br \/>\nSi vous cliquez sur le nom en rouge, vous d\u00e9couvrirez la page de l\u2019auteur sur 7 \u00e0 lire !<\/p>\n<p><a title=\"En savoir +\" href=\"https:\/\/www.o-p-i.fr\/7alire\/category\/auteurs-contemporains\/%C2%A9-antunes-chantal\/\">&#8211; Chantal ANTUNES<\/a><br \/>\n<a title=\"En savoir +\" href=\"https:\/\/www.o-p-i.fr\/7alire\/?cat=2952\">&#8211; <\/a>Fran\u00e7oise BACHMANN<br \/>\n<a title=\"En savoir +\" href=\"https:\/\/www.o-p-i.fr\/7alire\/?cat=2871\">&#8211; Marie BAULNY CADILHAC<br \/>\n<\/a><a title=\"En savoir +\" href=\"https:\/\/www.o-p-i.fr\/7alire\/?cat=2530\">&#8211; Nicolas BOUVIER<\/a><a title=\"En savoir +\" href=\"https:\/\/www.o-p-i.fr\/7alire\/?cat=2871\"><br \/>\n<\/a><a title=\"En savoir +\" href=\"https:\/\/www.o-p-i.fr\/7alire\/?cat=92\">&#8211; Patrick CAUJOLLE<\/a><br \/>\n<a title=\"En savoir +\" href=\"https:\/\/www.o-p-i.fr\/7alire\/?cat=2193\">&#8211; Roger CAVALIE<\/a><br \/>\n<a title=\"En savoir +\" href=\"https:\/\/www.o-p-i.fr\/7alire\/?cat=920\">&#8211; Luc CORLOUER<\/a><br \/>\n<a title=\"En savoir +\" href=\"https:\/\/www.o-p-i.fr\/7alire\/?cat=2750\">&#8211; Jacques COUSTALS<\/a><br \/>\n&#8211; Claire DELIANCOURT<br \/>\n<a title=\"En savoir +\" href=\"https:\/\/www.o-p-i.fr\/7alire\/?cat=2644\">&#8211; Josseline DOCQUIR<\/a><br \/>\n<a href=\"https:\/\/www.o-p-i.fr\/7alire\/?cat=1712\">&#8211; Jakie DURRIEU MALET<\/a><br \/>\n<a title=\"En savoir +\" href=\"https:\/\/www.o-p-i.fr\/7alire\/?cat=2229\">&#8211; Christian EYCHLOMA<\/a><br \/>\n<a title=\"En savoir +\" href=\"https:\/\/www.o-p-i.fr\/7alire\/?cat=1712\">&#8211; Marie-Chantal GUILMIN<\/a><br \/>\n<a title=\"En savoir +\" href=\"https:\/\/www.o-p-i.fr\/7alire\/?cat=1882\">&#8211; R\u00e9gine\u00a0LAPRADE<\/a><br \/>\n<a title=\"En savoir +\" href=\"https:\/\/www.o-p-i.fr\/7alire\/category\/auteurs-contemporains\/%C2%A9-lauzely-darbon-maite\/\">&#8211; Ma\u00eft\u00e9 LAUZELY DARBON<\/a><br \/>\n<a title=\"En savoir +\" href=\"https:\/\/www.o-p-i.fr\/7alire\/?cat=154\">&#8211; Gill-Eric LEININGER<\/a><br \/>\n&#8211; H\u00e9l\u00e8ne LOASIS<br \/>\n<a title=\"En savoir +\" href=\"https:\/\/www.o-p-i.fr\/7alire\/?cat=424\">&#8211; Andr\u00e9 MALET<\/a><br \/>\n<a title=\"En savoir +\" href=\"https:\/\/www.o-p-i.fr\/7alire\/?cat=1051\">&#8211; Eve MARINONE<\/a><br \/>\n&#8211; Jean-Pierre MEYER<br \/>\n<a title=\"En savoir +\" href=\"https:\/\/www.o-p-i.fr\/7alire\/?cat=1078\">&#8211; Guy MOTHE<\/a><br \/>\n<a title=\"En savoir +\" href=\"https:\/\/www.o-p-i.fr\/7alire\/?cat=2107\">&#8211; Laura MOUZA\u00cfA<\/a><br \/>\n<a title=\"En savoir +\" href=\"https:\/\/www.o-p-i.fr\/7alire\/?cat=3133\">&#8211; Gr\u00e9gory PAMADOU<\/a><br \/>\n<a title=\"En savoir +\" href=\"https:\/\/www.o-p-i.fr\/7alire\/?cat=2871\">&#8211; Alain PESCHEUX<\/a><br \/>\n<a title=\"En savoir +\" href=\"https:\/\/www.o-p-i.fr\/7alire\/?cat=3048\">&#8211; PIERANN<\/a><br \/>\n&#8211; Antoine POUPART (BD)<br \/>\n<a title=\"En savoir +\" href=\"https:\/\/www.o-p-i.fr\/7alire\/?cat=2993\">&#8211; Catherine PUECH<\/a><br \/>\n<a title=\"En savoir +\" href=\"https:\/\/www.o-p-i.fr\/7alire\/?cat=2454\">&#8211; S\u00e9bastien R&rsquo;COSSET<\/a> (BD)<br \/>\n&#8211; <a title=\"En savoir +\" href=\"https:\/\/www.o-p-i.fr\/7alire\/category\/auteurs-contemporains\/roman-michel\/\">Michel ROMAN<\/a> (Auteur\/Dessinateur)<br \/>\n&#8211; Alain ROQUEFORT<br \/>\n<a title=\"En savoir +\" href=\"https:\/\/www.o-p-i.fr\/7alire\/?cat=1090\">&#8211; R\u00e9mi ROS<\/a><br \/>\n<a href=\"https:\/\/www.o-p-i.fr\/7alire\/?cat=1090\">&#8211; Mich\u00e8le ROSENZWEIG<\/a><br \/>\n<a title=\"En savoir +\" href=\"https:\/\/www.o-p-i.fr\/7alire\/?cat=3208\">&#8211; Ghislaine RUDENT<\/a><br \/>\n<a title=\"En savoir +\" href=\"https:\/\/www.o-p-i.fr\/7alire\/?cat=3207\">&#8211; Pierre RUDENT<\/a><br \/>\n<a title=\"En savoir +\" href=\"https:\/\/www.o-p-i.fr\/7alire\/?cat=3074\">&#8211; Odile SAVELLI<\/a><br \/>\n<a title=\"En savoir +\" href=\"https:\/\/www.o-p-i.fr\/7alire\/?cat=3075\">&#8211; Ren\u00e9 SAVELLI<\/a><br \/>\n<a title=\"En savoir +\" href=\"https:\/\/www.o-p-i.fr\/7alire\/?cat=3058\">&#8211; TOUZEL Thomas<\/a><br \/>\n<a title=\"En savoir +\" href=\"https:\/\/www.o-p-i.fr\/7alire\/?cat=2554\">&#8211; Elisabeth VALERY<\/a><br \/>\n<a title=\"En savoir +\" href=\"https:\/\/www.o-p-i.fr\/7alire\/?cat=256\">&#8211; Yves VERNHES<\/a><\/p>\n<p>&#8211; Compagnie des \u00e9crivains de Tarn et Garonne.<\/p>\n<blockquote>\n<p style=\"text-align: justify;\"><strong><b>Conf\u00e9rence de Marie Baulny Cadilhac : D\u00e9couvrez comment 600 jeunes espagnoles, traversaient tous les ans, les Pyr\u00e9n\u00e9es pour la saison de l\u2019espadrille.<br \/>\n<\/b><\/strong><\/p>\n<h5 style=\"text-align: justify;\"><em>Dimanche 30 ao\u00fbt 2015 \u00e0 15h\u00a0<strong> <span style=\"text-decoration: underline;\"><br \/>\n<\/span><\/strong>Salle du lac \u00e0 Monclar de Quercy<\/em><strong> <span style=\"text-decoration: underline;\"><br \/>\n<\/span><\/strong><\/h5>\n<figure id=\"attachment_13241\" aria-describedby=\"caption-attachment-13241\" style=\"width: 201px\" class=\"wp-caption alignright\"><a href=\"https:\/\/www.o-p-i.fr\/7alire\/wp-content\/uploads\/hirondelles_mariebaulnycadilhac.jpg\"><img loading=\"lazy\" decoding=\"async\" class=\"size-medium wp-image-13241\" src=\"https:\/\/www.o-p-i.fr\/7alire\/wp-content\/uploads\/hirondelles_mariebaulnycadilhac-201x300.jpg\" alt=\"Au Salon du livre de Monclar de Quercy, le 30 aout 2015, d\u00e9couvrez comment 600 jeunes espagnoles, traversaient tous les ans, les Pyr\u00e9n\u00e9es pour la saison de l\u2019espadrille\" width=\"201\" height=\"300\" srcset=\"https:\/\/www.o-p-i.fr\/7alire\/wp-content\/uploads\/hirondelles_mariebaulnycadilhac-201x300.jpg 201w, https:\/\/www.o-p-i.fr\/7alire\/wp-content\/uploads\/hirondelles_mariebaulnycadilhac-686x1024.jpg 686w, https:\/\/www.o-p-i.fr\/7alire\/wp-content\/uploads\/hirondelles_mariebaulnycadilhac.jpg 800w\" sizes=\"auto, (max-width: 201px) 100vw, 201px\" \/><\/a><figcaption id=\"caption-attachment-13241\" class=\"wp-caption-text\">Au Salon du livre de Monclar de Quercy, le 30 aout 2015, d\u00e9couvrez comment 600 jeunes espagnoles, traversaient tous les ans, les Pyr\u00e9n\u00e9es pour la saison de l\u2019espadrille.<\/figcaption><\/figure>\n<p style=\"text-align: justify;\">Elles s\u2019appelaient Victoriana, Maria Antonia, Emilia, Felicia\u2026<\/p>\n<p style=\"text-align: justify;\">C\u2019\u00e9tait de jeunes Navarraises ou Aragonaises qui, \u00e0 la grande \u00e9poque de l\u2019espadrille, quittaient leur village pour venir travailler en Pays Basque, dans les fabriques de sandales. On les surnommait les \u00ab\u00a0Hirondelles\u00a0\u00bb car ces oiseaux, elles arrivaient et repartaient en bande.<\/p>\n<p style=\"text-align: justify;\">A Maul\u00e9on-Licharre (Pyr\u00e9n\u00e9es-Atlantiques), en Pays basque, \u00e0 la fin du XIX\u00e8me si\u00e8cle, la fabrique de la sandale conna\u00eet un essor foudroyant. La m\u00e9canisation est faible et r\u00e9clame une main d\u2019\u0153uvre importante, aussi, fait-on appel aux habitants des r\u00e9gions voisines de la Soule, de la Navarre et de l\u2019Aragon, \u00ab\u00a0<em>se contentant de peu, peu \u00e9tant mieux que rien\u00bb<\/em><\/p>\n<p style=\"text-align: justify;\">Aux premiers jours de l\u2019automne, apr\u00e8s la r\u00e9colte de pommes de terre, rev\u00eatues de leur costume traditionnel, chauss\u00e9es d&rsquo;espadrilles, les Hirondelles, pouss\u00e9es par la mis\u00e8re, traversent la montagne au milieu de tous les dangers.<\/p>\n<p style=\"text-align: justify;\">Au terme du voyage, elles sont accueillies par des \u00e9migr\u00e9s d\u00e9j\u00e0 bien install\u00e9s dans les quartiers de la Haute Ville de Maul\u00e9on-Licharre. Vivant dans la crainte d\u2019\u00eatre renvoy\u00e9es dans leur pays d\u2019origine o\u00f9 r\u00e8gne une grande pauvret\u00e9, les Hirondelles se plient aux conditions de vie souvent pr\u00e9caires. Elles occupent les r\u00e9duits, les soupentes, partagent la m\u00eame soupe, le m\u00eame matelas. Des sentiments de solidarit\u00e9 se manifestent dans cette communaut\u00e9 espagnole. Les immeubles insalubres qu\u2019elle occupe, disposent d&rsquo;un cabinet \u00e0 la turque pour 18 \u00e0 19 personnes. La toilette se fait \u00e0 l&rsquo;eau claire de la fontaine de la place.<\/p>\n<p style=\"text-align: justify;\">La frugalit\u00e9 est la r\u00e8gle de l\u2019alimentation. Ce sont des repas compos\u00e9s de <em>migas<\/em>, (oignon, piment rouge, ail et pain sec \u00e9miett\u00e9), quelque chose de solide qui cale l\u2019estomac pour une journ\u00e9e de travail.<\/p>\n<p style=\"text-align: justify;\">L&rsquo;essentiel de la nourriture est le pain achet\u00e9 \u00e0 cr\u00e9dit. Chez la boulang\u00e8re, une r\u00e8gle sert \u00e0 marquer les achats\u00a0: une encoche un peu profonde pour un pain rond de quatre kilos, une encoche moins profonde pour un pain de deux kilos. Apr\u00e8s paiement, la boulang\u00e8re efface les encoches.<\/p>\n<p style=\"text-align: justify;\">Les femmes sont affect\u00e9es aux travaux les moins qualifi\u00e9s, les moins r\u00e9tribu\u00e9s. Le travail p\u00e9nible s\u2019effectue au milieu de la poussi\u00e8re et du bruit des machines. Durant les p\u00e9riodes de grande activit\u00e9, les journ\u00e9es commencent \u00e0 6h jusqu\u2019\u00e0 14h, puis se poursuivent jusqu\u2019\u00e0 19h et 20h. Il y a aussi, les semaines qui ne comptent parfois que peu ou pas de jour de travail.<\/p>\n<p style=\"text-align: justify;\">La longueur des journ\u00e9es, la duret\u00e9 du travail n\u2019arr\u00eatent pas les rires et les chansons. Le soir apr\u00e8s l\u2019usine, elles se r\u00e9unissent \u00e0 l\u2019ext\u00e9rieur pour travailler encore \u00ab\u00a0du bout et talon\u00a0\u00bb, ce que ne faisait pas la machine, chacune avec son banc aux formes particuli\u00e8res.<\/p>\n<p style=\"text-align: justify;\">Au mois de mai, les Hirondelles s\u2019en retournent comme elles sont venues, clandestinement, dans leur village o\u00f9 la vie est diff\u00e9rente, vie qu\u2019il leur faudra \u00e0 nouveau quitter, \u00e0 la saison prochaine. Elles ne rapportent pas d\u2019argent, mais un trousseau finement brod\u00e9, qu\u2019elles \u00e9talent sous les yeux pleins d\u2019envie de leurs amies rest\u00e9es au pays.<\/p>\n<p style=\"text-align: justify;\">Les Hirondelles, femmes courageuses restent \u00e0 jamais li\u00e9es \u00e0 l\u2019histoire de l\u2019espadrille. A leur descendance, elles laissent un h\u00e9ritage de travail, d\u2019honneur, l\u2019honn\u00eatet\u00e9 et de devoir\u00a0mais surtout l\u2019id\u00e9e que dans la vie l\u2019on n\u2019avait rien sans peine\u2026.<\/p>\n<\/blockquote>\n<blockquote>\n<h4 style=\"text-align: justify;\"><strong>Conf\u00e9rence-information\u00a0 : \u00a0La d\u00e9pression, La d\u00e9pression postnatale et saisonni\u00e8re.<span style=\"text-decoration: underline;\"><br \/>\n<\/span><\/strong><\/h4>\n<h5 style=\"text-align: justify;\"><em>Dimanche 30 ao\u00fbt 2015 \u00e0 16h\u00a0<strong> <span style=\"text-decoration: underline;\"><br \/>\n<\/span><\/strong>Salle du lac \u00e0 Monclar de Quercy<\/em><strong> <span style=\"text-decoration: underline;\"><br \/>\n<\/span><\/strong><\/h5>\n<figure id=\"attachment_12957\" aria-describedby=\"caption-attachment-12957\" style=\"width: 300px\" class=\"wp-caption alignright\"><a href=\"https:\/\/www.o-p-i.fr\/7alire\/wp-content\/uploads\/alainpescheux1.jpg\"><img loading=\"lazy\" decoding=\"async\" class=\"size-medium wp-image-12957\" src=\"https:\/\/www.o-p-i.fr\/7alire\/wp-content\/uploads\/alainpescheux1-300x225.jpg\" alt=\"Alain PESCHEUX, Psycho\u00e9nerg\u00e9ticien-Biotique , conf\u00e9rencier , \u00e9crivain.\" width=\"300\" height=\"225\" srcset=\"https:\/\/www.o-p-i.fr\/7alire\/wp-content\/uploads\/alainpescheux1-300x225.jpg 300w, https:\/\/www.o-p-i.fr\/7alire\/wp-content\/uploads\/alainpescheux1-1024x768.jpg 1024w, https:\/\/www.o-p-i.fr\/7alire\/wp-content\/uploads\/alainpescheux1.jpg 1500w\" sizes=\"auto, (max-width: 300px) 100vw, 300px\" \/><\/a><figcaption id=\"caption-attachment-12957\" class=\"wp-caption-text\">Alain PESCHEUX, Psycho\u00e9nerg\u00e9ticien-Biotique , conf\u00e9rencier , \u00e9crivain.<\/figcaption><\/figure>\n<p style=\"text-align: justify;\">Th\u00e8me : La d\u00e9pression, La d\u00e9pression postnatale et saisonni\u00e8re<br \/>\npar <a title=\"En savoir +\" href=\"https:\/\/www.o-p-i.fr\/7alire\/?cat=2490\">Alain PESCHEUX <\/a>\u00a0Psycho\u00e9nerg\u00e9ticien-Biotique , conf\u00e9rencier , \u00e9crivain.<\/p>\n<p style=\"text-align: justify;\">La d\u00e9pression se traduit par un \u00e9tat pathologique de d\u00e9valorisation et de culpabilit\u00e9. Elle est souvent une \u00e9tape capitale dans la vie de chaque individu. Bien souvent nous cherchons des raisons \u00e0 cette souffrance et nous avons besoin de comprendre ce qui nous arrive pour pouvoir r\u00e9orienter notre vie en cons\u00e9quence. Nous faisons tous en majeure partie une relecture ou notre examen de conscience de notre vie et essayons d&rsquo;en trouver le SENS.<br \/>\nLors de cette conf\u00e9rence-information nous d\u00e9velopperons la SOURCE de ce mal \u00eatre par le d\u00e9codage des sch\u00e9mas tant de pens\u00e9es que d&rsquo;actions par des positions de prise de conscience.<\/p>\n<p style=\"text-align: justify;\"><a title=\"En savoir +\" href=\"https:\/\/www.o-p-i.fr\/7alire\/?cat=2490\">En savoir + sur Alain PESCHEUX<\/a><\/p>\n<\/blockquote>\n<p><strong>\u00a0<\/strong><\/p>\n<p><span style=\"color: #99cc00;\"><strong>Contacts :<\/strong><\/span><br \/>\nSalon du Livre (Office tu Tourisme)<br \/>\nT\u00e9l. : 05 63 30 31 72<br \/>\nCourriel : tourisme@monclardequercy.com<\/p>\n<p>Vide Grenier<br \/>\nT\u00e9l. : 06 27 39 87 50 (le soir)<\/p>\n","protected":false},"excerpt":{"rendered":"<div class=\"mh-excerpt\">Liste des auteurs inscrits (liste susceptible de modifications). Si vous cliquez sur le nom en rouge, vous d\u00e9couvrirez la page de l\u2019auteur sur 7 \u00e0 lire ! &#8211; Chantal ANTUNES &#8211; Fran\u00e7oise BACHMANN &#8211; Marie <a class=\"mh-excerpt-more\" href=\"https:\/\/www.o-p-i.fr\/7alire\/7-a-lire-actu\/12eme-salon-du-livre-de-monclar-de-quercy-82-dimanche-30-aout-2015\/\" title=\"12\u00e8me Salon du Livre de Monclar de Quercy (82). Dimanche 30 Ao\u00fbt 2015.\">[&#8230;]<\/a><\/div>\n<p> <a class=\"mh-excerpt-more\" href=\"https:\/\/www.o-p-i.fr\/7alire\/7-a-lire-actu\/12eme-salon-du-livre-de-monclar-de-quercy-82-dimanche-30-aout-2015\/\" title=\"12\u00e8me Salon du Livre de Monclar de Quercy (82). Dimanche 30 Ao\u00fbt 2015.\">[&#8230;]<\/a><\/p>\n","protected":false},"author":2,"featured_media":0,"comment_status":"open","ping_status":"open","sticky":false,"template":"","format":"standard","meta":{"_jetpack_memberships_contains_paid_content":false,"footnotes":"","_links_to":"","_links_to_target":""},"categories":[3,267,26,27,14,264],"tags":[48,265,187,495,9],"coauthors":[],"class_list":{"0":"post-12289","1":"post","2":"type-post","3":"status-publish","4":"format-standard","6":"category-7-a-lire-actu","7":"category-7-a-savoir-ont-anar","8":"category-journal_passionnes","9":"category-rdv_collectionneurs","10":"category-salon-du-livre-7-a-lire-actu","11":"category-salon-du-livre-7-a-lire","12":"tag-auteur","13":"tag-monclar-de-quercy","14":"tag-rencontre","15":"tag-salon","16":"tag-salon-du-livre"},"jetpack_featured_media_url":"","jetpack_sharing_enabled":true,"_links":{"self":[{"href":"https:\/\/www.o-p-i.fr\/7alire\/wp-json\/wp\/v2\/posts\/12289","targetHints":{"allow":["GET"]}}],"collection":[{"href":"https:\/\/www.o-p-i.fr\/7alire\/wp-json\/wp\/v2\/posts"}],"about":[{"href":"https:\/\/www.o-p-i.fr\/7alire\/wp-json\/wp\/v2\/types\/post"}],"author":[{"embeddable":true,"href":"https:\/\/www.o-p-i.fr\/7alire\/wp-json\/wp\/v2\/users\/2"}],"replies":[{"embeddable":true,"href":"https:\/\/www.o-p-i.fr\/7alire\/wp-json\/wp\/v2\/comments?post=12289"}],"version-history":[{"count":37,"href":"https:\/\/www.o-p-i.fr\/7alire\/wp-json\/wp\/v2\/posts\/12289\/revisions"}],"predecessor-version":[{"id":22807,"href":"https:\/\/www.o-p-i.fr\/7alire\/wp-json\/wp\/v2\/posts\/12289\/revisions\/22807"}],"wp:attachment":[{"href":"https:\/\/www.o-p-i.fr\/7alire\/wp-json\/wp\/v2\/media?parent=12289"}],"wp:term":[{"taxonomy":"category","embeddable":true,"href":"https:\/\/www.o-p-i.fr\/7alire\/wp-json\/wp\/v2\/categories?post=12289"},{"taxonomy":"post_tag","embeddable":true,"href":"https:\/\/www.o-p-i.fr\/7alire\/wp-json\/wp\/v2\/tags?post=12289"},{"taxonomy":"author","embeddable":true,"href":"https:\/\/www.o-p-i.fr\/7alire\/wp-json\/wp\/v2\/coauthors?post=12289"}],"curies":[{"name":"wp","href":"https:\/\/api.w.org\/{rel}","templated":true}]}}