{"id":1235,"date":"2009-10-12T16:15:41","date_gmt":"2009-10-12T14:15:41","guid":{"rendered":"\/7alire\/?p=1235"},"modified":"2009-10-12T16:15:53","modified_gmt":"2009-10-12T14:15:53","slug":"la-belle-aventure-l%e2%80%99emancipation-des-aines","status":"publish","type":"post","link":"https:\/\/www.o-p-i.fr\/7alire\/auteurs-contemporains\/%c2%a9-rey-nadal\/la-belle-aventure-l%e2%80%99emancipation-des-aines\/","title":{"rendered":"La belle aventure : l\u2019\u00e9mancipation des A\u00een\u00e9s"},"content":{"rendered":"<p style=\"text-align: justify;\">\n<figure id=\"attachment_1236\" aria-describedby=\"caption-attachment-1236\" style=\"width: 100px\" class=\"wp-caption alignleft\"><img loading=\"lazy\" decoding=\"async\" class=\"size-full wp-image-1236\" title=\"La belle aventure : l\u2019\u00e9mancipation des A\u00een\u00e9s\" src=\"https:\/\/www.o-p-i.fr\/7alire\/wp-content\/uploads\/belle_aventure_rey.jpg\" alt=\"La belle aventure : l\u2019\u00e9mancipation des A\u00een\u00e9s\" width=\"100\" height=\"133\" \/><figcaption id=\"caption-attachment-1236\" class=\"wp-caption-text\">La belle aventure l\u2019\u00e9mancipation des A\u00een\u00e9s<\/figcaption><\/figure>\n<p style=\"text-align: justify;\">Nadal REY \u00e9voque ici trente ans de sa vie consacr\u00e9s \u00e0 redonner aux personnes \u00e2g\u00e9es conscience de leur dignit\u00e9, de leur r\u00f4le, de leurs droits et de leurs devoirs.<\/p>\n<p style=\"text-align: justify;\">Trente ans d\u2019action \u00e0 tous les \u00e9chelons, du village \u00e0 l\u2019O.N.U. avec le sens de la vie et le respect de l\u2019homme. Tout le chemin n\u2019est pas encore parcouru et, si l\u2019on d\u00e9sire le poursuivre, il serait instructif de tirer le\u00e7on de l\u2019exp\u00e9rience des pr\u00e9d\u00e9cesseurs.<\/p>\n<p><em><span style=\"color: #003366;\">12\u20ac + 3\u20ac d\u2019exp\u00e9dition. A commander \u00e0 Autriche et Pays d\u2019Oc.<\/span><\/em><\/p>\n","protected":false},"excerpt":{"rendered":"<div class=\"mh-excerpt\">Nadal REY \u00e9voque ici trente ans de sa vie consacr\u00e9s \u00e0 redonner aux personnes \u00e2g\u00e9es conscience de leur dignit\u00e9, de leur r\u00f4le, de leurs droits et de leurs devoirs. Trente ans d\u2019action \u00e0 tous les <a class=\"mh-excerpt-more\" href=\"https:\/\/www.o-p-i.fr\/7alire\/auteurs-contemporains\/%c2%a9-rey-nadal\/la-belle-aventure-l%e2%80%99emancipation-des-aines\/\" title=\"La belle aventure : l\u2019\u00e9mancipation des A\u00een\u00e9s\">[&#8230;]<\/a><\/div>\n","protected":false},"author":1,"featured_media":0,"comment_status":"open","ping_status":"open","sticky":false,"template":"","format":"standard","meta":{"_jetpack_memberships_contains_paid_content":false,"footnotes":"","_links_to":"","_links_to_target":""},"categories":[225],"tags":[226],"coauthors":[],"class_list":{"0":"post-1235","1":"post","2":"type-post","3":"status-publish","4":"format-standard","6":"category--rey-nadal","7":"tag-nadal-rey"},"jetpack_featured_media_url":"","jetpack_sharing_enabled":true,"_links":{"self":[{"href":"https:\/\/www.o-p-i.fr\/7alire\/wp-json\/wp\/v2\/posts\/1235","targetHints":{"allow":["GET"]}}],"collection":[{"href":"https:\/\/www.o-p-i.fr\/7alire\/wp-json\/wp\/v2\/posts"}],"about":[{"href":"https:\/\/www.o-p-i.fr\/7alire\/wp-json\/wp\/v2\/types\/post"}],"author":[{"embeddable":true,"href":"https:\/\/www.o-p-i.fr\/7alire\/wp-json\/wp\/v2\/users\/1"}],"replies":[{"embeddable":true,"href":"https:\/\/www.o-p-i.fr\/7alire\/wp-json\/wp\/v2\/comments?post=1235"}],"version-history":[{"count":2,"href":"https:\/\/www.o-p-i.fr\/7alire\/wp-json\/wp\/v2\/posts\/1235\/revisions"}],"predecessor-version":[{"id":1238,"href":"https:\/\/www.o-p-i.fr\/7alire\/wp-json\/wp\/v2\/posts\/1235\/revisions\/1238"}],"wp:attachment":[{"href":"https:\/\/www.o-p-i.fr\/7alire\/wp-json\/wp\/v2\/media?parent=1235"}],"wp:term":[{"taxonomy":"category","embeddable":true,"href":"https:\/\/www.o-p-i.fr\/7alire\/wp-json\/wp\/v2\/categories?post=1235"},{"taxonomy":"post_tag","embeddable":true,"href":"https:\/\/www.o-p-i.fr\/7alire\/wp-json\/wp\/v2\/tags?post=1235"},{"taxonomy":"author","embeddable":true,"href":"https:\/\/www.o-p-i.fr\/7alire\/wp-json\/wp\/v2\/coauthors?post=1235"}],"curies":[{"name":"wp","href":"https:\/\/api.w.org\/{rel}","templated":true}]}}