{"id":1239,"date":"2009-10-12T16:17:23","date_gmt":"2009-10-12T14:17:23","guid":{"rendered":"\/7alire\/?p=1239"},"modified":"2009-10-12T16:17:39","modified_gmt":"2009-10-12T14:17:39","slug":"la-sagesse-des-humbles","status":"publish","type":"post","link":"https:\/\/www.o-p-i.fr\/7alire\/auteurs-contemporains\/%c2%a9-rey-nadal\/la-sagesse-des-humbles\/","title":{"rendered":"La sagesse des humbles"},"content":{"rendered":"<p style=\"text-align: justify;\">\n<figure id=\"attachment_1240\" aria-describedby=\"caption-attachment-1240\" style=\"width: 100px\" class=\"wp-caption alignleft\"><img loading=\"lazy\" decoding=\"async\" class=\"size-full wp-image-1240\" title=\"La sagesse des humbles\" src=\"https:\/\/www.o-p-i.fr\/7alire\/wp-content\/uploads\/sagessse_humble_rey.jpg\" alt=\"La sagesse des humbles\" width=\"100\" height=\"133\" \/><figcaption id=\"caption-attachment-1240\" class=\"wp-caption-text\">La sagesse des humbles<\/figcaption><\/figure>\n<p style=\"text-align: justify;\">Des proverbes et dictons recueillis en terre occitane, savoureux, pleins de bon sens et de connaissances, expliqu\u00e9s et traduits en fran\u00e7ais.<\/p>\n<p style=\"text-align: justify;\">Venus du fond des \u00e2ges, ils \u00e9clairent la vie de tout ce que l\u2019homme apprend au cours des si\u00e8cles et que l\u2019\u00e9cole, jamais, ne vous dira aussi sagement.<\/p>\n<p style=\"text-align: justify;\"><em><span style=\"color: #003366;\">12\u20ac +3\u20ac d\u2019exp\u00e9dition. A commander \u00e0 Autriche et Pays d\u2019Oc.<\/span><\/em><\/p>\n","protected":false},"excerpt":{"rendered":"<div class=\"mh-excerpt\">Des proverbes et dictons recueillis en terre occitane, savoureux, pleins de bon sens et de connaissances, expliqu\u00e9s et traduits en fran\u00e7ais. Venus du fond des \u00e2ges, ils \u00e9clairent la vie de tout ce que l\u2019homme <a class=\"mh-excerpt-more\" href=\"https:\/\/www.o-p-i.fr\/7alire\/auteurs-contemporains\/%c2%a9-rey-nadal\/la-sagesse-des-humbles\/\" title=\"La sagesse des humbles\">[&#8230;]<\/a><\/div>\n","protected":false},"author":1,"featured_media":0,"comment_status":"open","ping_status":"open","sticky":false,"template":"","format":"standard","meta":{"_jetpack_memberships_contains_paid_content":false,"footnotes":"","_links_to":"","_links_to_target":""},"categories":[225],"tags":[226,8],"coauthors":[],"class_list":{"0":"post-1239","1":"post","2":"type-post","3":"status-publish","4":"format-standard","6":"category--rey-nadal","7":"tag-nadal-rey","8":"tag-occitan"},"jetpack_featured_media_url":"","jetpack_sharing_enabled":true,"_links":{"self":[{"href":"https:\/\/www.o-p-i.fr\/7alire\/wp-json\/wp\/v2\/posts\/1239","targetHints":{"allow":["GET"]}}],"collection":[{"href":"https:\/\/www.o-p-i.fr\/7alire\/wp-json\/wp\/v2\/posts"}],"about":[{"href":"https:\/\/www.o-p-i.fr\/7alire\/wp-json\/wp\/v2\/types\/post"}],"author":[{"embeddable":true,"href":"https:\/\/www.o-p-i.fr\/7alire\/wp-json\/wp\/v2\/users\/1"}],"replies":[{"embeddable":true,"href":"https:\/\/www.o-p-i.fr\/7alire\/wp-json\/wp\/v2\/comments?post=1239"}],"version-history":[{"count":2,"href":"https:\/\/www.o-p-i.fr\/7alire\/wp-json\/wp\/v2\/posts\/1239\/revisions"}],"predecessor-version":[{"id":1242,"href":"https:\/\/www.o-p-i.fr\/7alire\/wp-json\/wp\/v2\/posts\/1239\/revisions\/1242"}],"wp:attachment":[{"href":"https:\/\/www.o-p-i.fr\/7alire\/wp-json\/wp\/v2\/media?parent=1239"}],"wp:term":[{"taxonomy":"category","embeddable":true,"href":"https:\/\/www.o-p-i.fr\/7alire\/wp-json\/wp\/v2\/categories?post=1239"},{"taxonomy":"post_tag","embeddable":true,"href":"https:\/\/www.o-p-i.fr\/7alire\/wp-json\/wp\/v2\/tags?post=1239"},{"taxonomy":"author","embeddable":true,"href":"https:\/\/www.o-p-i.fr\/7alire\/wp-json\/wp\/v2\/coauthors?post=1239"}],"curies":[{"name":"wp","href":"https:\/\/api.w.org\/{rel}","templated":true}]}}