{"id":12472,"date":"2015-03-25T19:57:34","date_gmt":"2015-03-25T17:57:34","guid":{"rendered":"\/7alire\/?p=12472"},"modified":"2015-03-25T19:57:34","modified_gmt":"2015-03-25T17:57:34","slug":"la-belugueta-de-tgoc-vous-informe-prima-doc-du-4-au-25-avril-2015","status":"publish","type":"post","link":"https:\/\/www.o-p-i.fr\/7alire\/occitanie\/la-belugueta-de-tgoc-vous-informe-prima-doc-du-4-au-25-avril-2015\/","title":{"rendered":"La belugueta de TG\u2019OC vous informe : Prima d&rsquo;Oc. Du 4 au 25 Avril 2015"},"content":{"rendered":"<p><strong>La Prima d\u2019\u00d2c, un \u00e9v\u00e8nement IEO 82<\/strong> \u2013 <strong>Association Antonin Perbosc \/\/ Du 4 au 25 avril 2015.<\/strong><\/p>\n<figure id=\"attachment_12473\" aria-describedby=\"caption-attachment-12473\" style=\"width: 212px\" class=\"wp-caption alignright\"><a href=\"https:\/\/www.o-p-i.fr\/7alire\/wp-content\/uploads\/primadoc2015.jpg\"><img loading=\"lazy\" decoding=\"async\" class=\"size-medium wp-image-12473\" src=\"https:\/\/www.o-p-i.fr\/7alire\/wp-content\/uploads\/primadoc2015-212x300.jpg\" alt=\"Prima d'Oc 2015\" width=\"212\" height=\"300\" srcset=\"https:\/\/www.o-p-i.fr\/7alire\/wp-content\/uploads\/primadoc2015-212x300.jpg 212w, https:\/\/www.o-p-i.fr\/7alire\/wp-content\/uploads\/primadoc2015.jpg 531w\" sizes=\"auto, (max-width: 212px) 100vw, 212px\" \/><\/a><figcaption id=\"caption-attachment-12473\" class=\"wp-caption-text\">Prima d&rsquo;Oc 2015<\/figcaption><\/figure>\n<p><strong>Conf\u00e9rence \u00ab Hommage \u00e0 YvesRouquette \u00bb<\/strong> par Mme Jo\u00eblle Ginestet, Ma\u00eetre de Conf\u00e9rences<br \/>\nSamedi 4 avril \u2013 15h<br \/>\n<em>Montauban, Salle de conf\u00e9rence de la Maison de la Culture<\/em><br \/>\nGratuit<\/p>\n<p><strong>Bal Traditionnel avec S\u00e8m d\u2019Aic\u00ed<\/strong><br \/>\nSamedi 11 avril \u201321h<br \/>\n<em>Verlhac-Tescou, Salle des f\u00eates<\/em><br \/>\nTarif : 8 \u20ac<\/p>\n<p><strong>Concert<\/strong><br \/>\nVendredi 17 avril \u2013 21h<br \/>\n<em>Montauban, Temple de Saint-Martial<\/em><br \/>\nPremi\u00e8re partie : atelier de chant de l\u2019IEO 82 ; SONDOC, r\u00e9cital de chants polyphoniques occitans<br \/>\nTarif : 5 \u20ac<\/p>\n<p><strong>Balade toponymique<\/strong> anim\u00e9e par Paul Burgan<br \/>\nDimanche 19 avril<br \/>\n<em>Montauban<\/em><br \/>\nGratuit<\/p>\n<p><strong>Th\u00e9\u00e2tre<\/strong><br \/>\nSamedi 25 avril \u2013 21h<br \/>\n<em>Lavilledieu, Salle des f\u00eates<\/em><br \/>\nPremi\u00e8re partie : Conte d\u2019\u00f2c par La\u00ebtitia Maux ; Th\u00e9\u00e2tre : Lou fian\u00e7at d\u00e9 la Hermine par la troupe \u00ab Expression 176 \u00bb<br \/>\nTarif :\u00a0 7 \u20ac<br \/>\n<strong><br \/>\n<span style=\"color: #99cc00;\">Contact : <\/span><\/strong> IEO 82 \u2013 Association Antonin Perbosc<br \/>\n307 avenue de Montech<br \/>\n82000 Montauban<br \/>\nCourriel : <a href=\"mailto:ieo82@orange.fr\">ieo82@orange.fr<\/a><br \/>\nT\u00e9l. : 05.63.03.48.70<\/p>\n","protected":false},"excerpt":{"rendered":"<div class=\"mh-excerpt\">La Prima d\u2019\u00d2c, un \u00e9v\u00e8nement IEO 82 \u2013 Association Antonin Perbosc \/\/ Du 4 au 25 avril 2015. Conf\u00e9rence \u00ab Hommage \u00e0 YvesRouquette \u00bb par Mme Jo\u00eblle Ginestet, Ma\u00eetre de Conf\u00e9rences Samedi 4 avril \u2013 <a class=\"mh-excerpt-more\" href=\"https:\/\/www.o-p-i.fr\/7alire\/occitanie\/la-belugueta-de-tgoc-vous-informe-prima-doc-du-4-au-25-avril-2015\/\" title=\"La belugueta de TG\u2019OC vous informe : Prima d&rsquo;Oc. Du 4 au 25 Avril 2015\">[&#8230;]<\/a><\/div>\n","protected":false},"author":2,"featured_media":0,"comment_status":"open","ping_status":"open","sticky":false,"template":"","format":"standard","meta":{"_jetpack_memberships_contains_paid_content":false,"footnotes":"","_links_to":"","_links_to_target":""},"categories":[267,266,1189,10],"tags":[637,2778,2421,311,3014,8,227,608,3013],"coauthors":[],"class_list":{"0":"post-12472","1":"post","2":"type-post","3":"status-publish","4":"format-standard","6":"category-7-a-savoir-ont-anar","7":"category-activites-occitanes","8":"category-la-belugueta-de-tgoc","9":"category-occitanie","10":"tag-antonin-perbosc","11":"tag-bal-traditionnel","12":"tag-balade","13":"tag-ieo","14":"tag-lavilledieu","15":"tag-occitan","16":"tag-theatre","17":"tag-toponymie","18":"tag-verlhac-tescou"},"jetpack_featured_media_url":"","jetpack_sharing_enabled":true,"_links":{"self":[{"href":"https:\/\/www.o-p-i.fr\/7alire\/wp-json\/wp\/v2\/posts\/12472","targetHints":{"allow":["GET"]}}],"collection":[{"href":"https:\/\/www.o-p-i.fr\/7alire\/wp-json\/wp\/v2\/posts"}],"about":[{"href":"https:\/\/www.o-p-i.fr\/7alire\/wp-json\/wp\/v2\/types\/post"}],"author":[{"embeddable":true,"href":"https:\/\/www.o-p-i.fr\/7alire\/wp-json\/wp\/v2\/users\/2"}],"replies":[{"embeddable":true,"href":"https:\/\/www.o-p-i.fr\/7alire\/wp-json\/wp\/v2\/comments?post=12472"}],"version-history":[{"count":1,"href":"https:\/\/www.o-p-i.fr\/7alire\/wp-json\/wp\/v2\/posts\/12472\/revisions"}],"predecessor-version":[{"id":12474,"href":"https:\/\/www.o-p-i.fr\/7alire\/wp-json\/wp\/v2\/posts\/12472\/revisions\/12474"}],"wp:attachment":[{"href":"https:\/\/www.o-p-i.fr\/7alire\/wp-json\/wp\/v2\/media?parent=12472"}],"wp:term":[{"taxonomy":"category","embeddable":true,"href":"https:\/\/www.o-p-i.fr\/7alire\/wp-json\/wp\/v2\/categories?post=12472"},{"taxonomy":"post_tag","embeddable":true,"href":"https:\/\/www.o-p-i.fr\/7alire\/wp-json\/wp\/v2\/tags?post=12472"},{"taxonomy":"author","embeddable":true,"href":"https:\/\/www.o-p-i.fr\/7alire\/wp-json\/wp\/v2\/coauthors?post=12472"}],"curies":[{"name":"wp","href":"https:\/\/api.w.org\/{rel}","templated":true}]}}