{"id":12511,"date":"2015-04-06T12:01:56","date_gmt":"2015-04-06T10:01:56","guid":{"rendered":"\/7alire\/?p=12511"},"modified":"2015-04-06T12:07:30","modified_gmt":"2015-04-06T10:07:30","slug":"6ieme-salon-du-livre-de-mazamet-81-dimanche-10-mai-2015","status":"publish","type":"post","link":"https:\/\/www.o-p-i.fr\/7alire\/7-a-lire-actu\/6ieme-salon-du-livre-de-mazamet-81-dimanche-10-mai-2015\/","title":{"rendered":"6i\u00e8me salon du livre de Mazamet (81). Dimanche 10 mai 2015"},"content":{"rendered":"<p style=\"text-align: justify;\"><strong>Le 6\u00e8me Salon du livre prend forme !<\/strong><\/p>\n<figure id=\"attachment_12516\" aria-describedby=\"caption-attachment-12516\" style=\"width: 218px\" class=\"wp-caption alignright\"><a href=\"https:\/\/www.o-p-i.fr\/7alire\/wp-content\/uploads\/salonmazamet2015.jpg\"><img loading=\"lazy\" decoding=\"async\" class=\"size-medium wp-image-12516\" src=\"https:\/\/www.o-p-i.fr\/7alire\/wp-content\/uploads\/salonmazamet2015-218x300.jpg\" alt=\"Salon du Livre 2015 - Mazamet (81)\" width=\"218\" height=\"300\" srcset=\"https:\/\/www.o-p-i.fr\/7alire\/wp-content\/uploads\/salonmazamet2015-218x300.jpg 218w, https:\/\/www.o-p-i.fr\/7alire\/wp-content\/uploads\/salonmazamet2015.jpg 414w\" sizes=\"auto, (max-width: 218px) 100vw, 218px\" \/><\/a><figcaption id=\"caption-attachment-12516\" class=\"wp-caption-text\">Salon du Livre 2015 &#8211; Mazamet (81)<\/figcaption><\/figure>\n<p style=\"text-align: justify;\">Les membres de l\u2019association ACTS (Association Culturelle du Tarn Sud), s\u2019activent d\u00e9j\u00e0 autour de leur pr\u00e9sident Michel Sabarth\u00e8s pour organiser la sixi\u00e8me \u00e9dition du Salon du livre de Mazamet qui aura lieu le dimanche 10 mai 2015. Ce salon devient un rendez-vous incontournable, il\u00a0 remporte chaque ann\u00e9e un peu plus de succ\u00e8s.<\/p>\n<p style=\"text-align: justify;\">Riche de nombreuses animations (atelier de Sarah Slump et de Christian Javersac entre autre), ce salon du livre attire de plus en plus d\u2019auteurs chaque ann\u00e9e. A 4 mois de l\u2019\u00e9v\u00e9nement culturel, le Palais des Congr\u00e8s est d\u00e9j\u00e0 plein avec 118 auteurs. Le pr\u00e9sident pr\u00e9cise m\u00eame qu\u2019il a d\u00e9j\u00e0 une liste en attente dans le cas d\u2019une d\u00e9fection.<br \/>\nUn merci particulier \u00e0 Olivier Fabre, le maire de Mazamet, pour son aide au salon.<\/p>\n<p style=\"text-align: justify;\">Les animations se d\u00e9voileront au fur et \u00e0 mesure, mais d\u00e9j\u00e0 on peut pr\u00e9ciser qu\u2019il y aura des conf\u00e9rences donn\u00e9es par M\u00e9decins sans fronti\u00e8res, <a title=\"En savoir +\" href=\"https:\/\/www.o-p-i.fr\/7alire\/?cat=920\">Luc Corlou\u00ebr<\/a> (Edgar Faure)\u00a0 et Christophe Chabbert (French Connection). Cette ann\u00e9e, trois grandes maisons d\u2019\u00e9dition seront pr\u00e9sentes, Privat, Ramsay et Flammarion. Le samedi soir aura lieu le repas habituel en pr\u00e9sence de certains auteurs qui viennent de loin et de l\u2019\u00e9quipe d\u2019organisation. Les personnes int\u00e9ress\u00e9es pour participer \u00e0 ce repas doivent se manifester aupr\u00e8s de Michel Sabarth\u00e8s.<\/p>\n<p style=\"text-align: justify;\">Cette ann\u00e9e, le Salon pr\u00e9sentera deux auteurs belges, deux auteurs espagnols, une auteure canadienne et nombreux sont les auteurs venus des quatre coins de France, Orl\u00e9ans, le Var, l\u2019Aquitaine, Bretagne, etc.<\/p>\n<p style=\"text-align: justify;\">Bien entendu, la traditionnelle remise des prix litt\u00e9raires aura lieu le dimanche aux alentours de 11h30 en pr\u00e9sence des personnalit\u00e9s, maires et conseillers g\u00e9n\u00e9raux, autour de <a title=\"En savoir +\" href=\"https:\/\/www.o-p-i.fr\/7alire\/?cat=1712\">Marie-Chantal Guilmin<\/a>, auteur et\u00a0responsable du jury des prix et du parrain dont le nom sera divulgu\u00e9 ult\u00e9rieurement.<\/p>\n<p style=\"text-align: justify;\"><strong>Plus de 60 livres sont en comp\u00e9titions cette ann\u00e9e pour 10 prix.<br \/>\n<\/strong> Le jury est d\u00e9j\u00e0 en lecture depuis deux mois pour choisir les laur\u00e9ats. Certains prix ne changent pas comme le Prix de la Ville de Mazamet, le Prix du Conseil G\u00e9n\u00e9ral ou celui de <a title=\"En savoir +\" href=\"https:\/\/www.o-p-i.fr\/7alire\/?cat=1712\">Marie-Chantal Guilmin<\/a>.<br \/>\nEn 2015, le Prix d\u2019honneur sera rebaptis\u00e9 Prix d\u2019Honneur Marc Galabru en souvenir de ce merveilleux personnage, m\u00e9decin, \u00e9crivain et acteur, qui n\u2019a pas manqu\u00e9 un salon du livre de Mazamet et qui en fut le premier parrain. Il en est aujourd\u2019hui le parrain \u00e0 vie et parrain aussi de l\u2019Association ACTS. Par amiti\u00e9 pour le pr\u00e9sident Michel Sabarth\u00e8s, Marc Galabru lui avait mentionn\u00e9 quelques semaines avant son d\u00e9c\u00e8s en octobre 2014 que ce prix serait unique pour Mazamet et ne pourrait jamais \u00eatre remis ailleurs.<\/p>\n<p style=\"text-align: justify;\"><a href=\"https:\/\/www.o-p-i.fr\/7alire\/wp-content\/uploads\/mazametsalondulivre2015.pdf\">Programme complet disponible ici !<\/a><\/p>\n<p style=\"text-align: justify;\"><span style=\"color: #99cc00;\"><strong>Contact :<\/strong> <\/span>Michel Sabarth\u00e8s, Organisateur du Salon du livre de Mazamet<br \/>\nT\u00e9l. : 06 77 22 37 66<br \/>\nCourriel : <a href=\"mailto:sabarthes@hotmail.com\">sabarthes@hotmail.com<\/a><br \/>\nSite :\u00a0 <a href=\"http:\/\/www.salondulivremazamet.com\/\">www.salondulivremazamet.com<\/a><\/p>\n","protected":false},"excerpt":{"rendered":"<div class=\"mh-excerpt\">Le 6\u00e8me Salon du livre prend forme ! Les membres de l\u2019association ACTS (Association Culturelle du Tarn Sud), s\u2019activent d\u00e9j\u00e0 autour de leur pr\u00e9sident Michel Sabarth\u00e8s pour organiser la sixi\u00e8me \u00e9dition du Salon du livre <a class=\"mh-excerpt-more\" href=\"https:\/\/www.o-p-i.fr\/7alire\/7-a-lire-actu\/6ieme-salon-du-livre-de-mazamet-81-dimanche-10-mai-2015\/\" title=\"6i\u00e8me salon du livre de Mazamet (81). Dimanche 10 mai 2015\">[&#8230;]<\/a><\/div>\n","protected":false},"author":3,"featured_media":0,"comment_status":"open","ping_status":"open","sticky":false,"template":"","format":"standard","meta":{"_jetpack_memberships_contains_paid_content":false,"footnotes":"","_links_to":"","_links_to_target":""},"categories":[3,457,14],"tags":[1212,354,1943,496,42,136,795,738,9],"coauthors":[],"class_list":{"0":"post-12511","1":"post","2":"type-post","3":"status-publish","4":"format-standard","6":"category-7-a-lire-actu","7":"category-actu_litteraires","8":"category-salon-du-livre-7-a-lire-actu","9":"tag-animation","10":"tag-concours","11":"tag-concours-litteraire","12":"tag-livre","13":"tag-maison-dedition","14":"tag-marc-galabru","15":"tag-mazamet","16":"tag-prix","17":"tag-salon-du-livre"},"jetpack_featured_media_url":"","jetpack_sharing_enabled":true,"_links":{"self":[{"href":"https:\/\/www.o-p-i.fr\/7alire\/wp-json\/wp\/v2\/posts\/12511","targetHints":{"allow":["GET"]}}],"collection":[{"href":"https:\/\/www.o-p-i.fr\/7alire\/wp-json\/wp\/v2\/posts"}],"about":[{"href":"https:\/\/www.o-p-i.fr\/7alire\/wp-json\/wp\/v2\/types\/post"}],"author":[{"embeddable":true,"href":"https:\/\/www.o-p-i.fr\/7alire\/wp-json\/wp\/v2\/users\/3"}],"replies":[{"embeddable":true,"href":"https:\/\/www.o-p-i.fr\/7alire\/wp-json\/wp\/v2\/comments?post=12511"}],"version-history":[{"count":4,"href":"https:\/\/www.o-p-i.fr\/7alire\/wp-json\/wp\/v2\/posts\/12511\/revisions"}],"predecessor-version":[{"id":12519,"href":"https:\/\/www.o-p-i.fr\/7alire\/wp-json\/wp\/v2\/posts\/12511\/revisions\/12519"}],"wp:attachment":[{"href":"https:\/\/www.o-p-i.fr\/7alire\/wp-json\/wp\/v2\/media?parent=12511"}],"wp:term":[{"taxonomy":"category","embeddable":true,"href":"https:\/\/www.o-p-i.fr\/7alire\/wp-json\/wp\/v2\/categories?post=12511"},{"taxonomy":"post_tag","embeddable":true,"href":"https:\/\/www.o-p-i.fr\/7alire\/wp-json\/wp\/v2\/tags?post=12511"},{"taxonomy":"author","embeddable":true,"href":"https:\/\/www.o-p-i.fr\/7alire\/wp-json\/wp\/v2\/coauthors?post=12511"}],"curies":[{"name":"wp","href":"https:\/\/api.w.org\/{rel}","templated":true}]}}