{"id":12561,"date":"2015-04-17T13:46:18","date_gmt":"2015-04-17T11:46:18","guid":{"rendered":"\/7alire\/?p=12561"},"modified":"2015-04-17T13:49:28","modified_gmt":"2015-04-17T11:49:28","slug":"mathieu-serres-biographie","status":"publish","type":"post","link":"https:\/\/www.o-p-i.fr\/7alire\/auteurs-contemporains\/%c2%a9-seres-mathieu\/mathieu-serres-biographie\/","title":{"rendered":"Mathieu SERES. Biographie"},"content":{"rendered":"<p>Po\u00e8te depuis son enfance, Mathieu S\u00e9r\u00e8s revient \u00e0 l\u2019Art po\u00e9tique avec un brillant hommage \u00e0 Claude\u00a0 Nougaro. Apr\u00e8s de longues \u00e9tudes \u00e0 l\u2019Universit\u00e9 du Mirail II, Mathieu r\u00e9side \u00e0 Toulouse et travaille \u00e0\u00a0 Airbus Entity \u00e0 Blagnac depuis trois ans. Il nous offre aussi un bouquet de po\u00e8mes courts qu\u2019il baptise\u00a0 des \u00ab ha\u00efku \u00bb en toute libert\u00e9. Comme les grands peintres impressionnistes, il s\u2019inspire de la culture\u00a0 japonaise pour les jeux, la d\u00e9coration de son appartement, ses lectures etc..<\/p>\n","protected":false},"excerpt":{"rendered":"<div class=\"mh-excerpt\">Po\u00e8te depuis son enfance, Mathieu S\u00e9r\u00e8s revient \u00e0 l\u2019Art po\u00e9tique avec un brillant hommage \u00e0 Claude\u00a0 Nougaro. Apr\u00e8s de longues \u00e9tudes \u00e0 l\u2019Universit\u00e9 du Mirail II, Mathieu r\u00e9side \u00e0 Toulouse et travaille \u00e0\u00a0 Airbus Entity <a class=\"mh-excerpt-more\" href=\"https:\/\/www.o-p-i.fr\/7alire\/auteurs-contemporains\/%c2%a9-seres-mathieu\/mathieu-serres-biographie\/\" title=\"Mathieu SERES. Biographie\">[&#8230;]<\/a><\/div>\n","protected":false},"author":2,"featured_media":0,"comment_status":"open","ping_status":"open","sticky":false,"template":"","format":"standard","meta":{"_jetpack_memberships_contains_paid_content":false,"footnotes":"","_links_to":"","_links_to_target":""},"categories":[239],"tags":[3629],"coauthors":[],"class_list":{"0":"post-12561","1":"post","2":"type-post","3":"status-publish","4":"format-standard","6":"category--seres-mathieu","7":"tag-biographie"},"jetpack_featured_media_url":"","jetpack_sharing_enabled":true,"_links":{"self":[{"href":"https:\/\/www.o-p-i.fr\/7alire\/wp-json\/wp\/v2\/posts\/12561","targetHints":{"allow":["GET"]}}],"collection":[{"href":"https:\/\/www.o-p-i.fr\/7alire\/wp-json\/wp\/v2\/posts"}],"about":[{"href":"https:\/\/www.o-p-i.fr\/7alire\/wp-json\/wp\/v2\/types\/post"}],"author":[{"embeddable":true,"href":"https:\/\/www.o-p-i.fr\/7alire\/wp-json\/wp\/v2\/users\/2"}],"replies":[{"embeddable":true,"href":"https:\/\/www.o-p-i.fr\/7alire\/wp-json\/wp\/v2\/comments?post=12561"}],"version-history":[{"count":2,"href":"https:\/\/www.o-p-i.fr\/7alire\/wp-json\/wp\/v2\/posts\/12561\/revisions"}],"predecessor-version":[{"id":12566,"href":"https:\/\/www.o-p-i.fr\/7alire\/wp-json\/wp\/v2\/posts\/12561\/revisions\/12566"}],"wp:attachment":[{"href":"https:\/\/www.o-p-i.fr\/7alire\/wp-json\/wp\/v2\/media?parent=12561"}],"wp:term":[{"taxonomy":"category","embeddable":true,"href":"https:\/\/www.o-p-i.fr\/7alire\/wp-json\/wp\/v2\/categories?post=12561"},{"taxonomy":"post_tag","embeddable":true,"href":"https:\/\/www.o-p-i.fr\/7alire\/wp-json\/wp\/v2\/tags?post=12561"},{"taxonomy":"author","embeddable":true,"href":"https:\/\/www.o-p-i.fr\/7alire\/wp-json\/wp\/v2\/coauthors?post=12561"}],"curies":[{"name":"wp","href":"https:\/\/api.w.org\/{rel}","templated":true}]}}