{"id":12893,"date":"2015-06-15T14:35:53","date_gmt":"2015-06-15T12:35:53","guid":{"rendered":"\/7alire\/?p=12893"},"modified":"2015-06-15T14:45:48","modified_gmt":"2015-06-15T12:45:48","slug":"le-nom-des-pierres-daniel-duges-editions-les-monedieres","status":"publish","type":"post","link":"https:\/\/www.o-p-i.fr\/7alire\/7-a-lire-actu\/le-nom-des-pierres-daniel-duges-editions-les-monedieres\/","title":{"rendered":"\u00ab\u00a0Le Nom des pierres\u00a0\u00bb.  Daniel DUGES.  Editions Les Mon\u00e9di\u00e8res."},"content":{"rendered":"<figure id=\"attachment_12904\" aria-describedby=\"caption-attachment-12904\" style=\"width: 200px\" class=\"wp-caption alignleft\"><a href=\"https:\/\/www.o-p-i.fr\/7alire\/wp-content\/uploads\/couv_lenomdespierres.jpg\"><img loading=\"lazy\" decoding=\"async\" class=\"size-full wp-image-12904\" src=\"https:\/\/www.o-p-i.fr\/7alire\/wp-content\/uploads\/couv_lenomdespierres.jpg\" alt=\"Le nom des pierres. Daniel DUGES\" width=\"200\" height=\"280\" \/><\/a><figcaption id=\"caption-attachment-12904\" class=\"wp-caption-text\">Le nom des pierres. Daniel DUGES<\/figcaption><\/figure>\n<p style=\"text-align: justify;\">Au pied du ch\u00e2teau de Monts\u00e9gur un village d\u00e9sert\u00e9 est \u00e0 vendre dans les ann\u00e9es 1960. Guilhem un m\u00e9decin toulousain d\u00e9cide de clore un chapitre de sa vie et de s\u2019installer dans ce hameau. Le charme du lieu va bient\u00f4t attirer des personnalit\u00e9s hors du commun. Se nouent alors des amiti\u00e9s solides pleines de charme d\u2019humour et de bonne humeur. Chaleur et ga\u00eet\u00e9 pr\u00e9sident \u00e0 la r\u00e9habilitation des demeures. Soudain, les travaux d\u00e9bouchent sur une bien \u00e9trange d\u00e9couverte\u2026 Ces hommes et ces femmes trouvent ce qu\u2019ils n\u2019auraient jamais d\u00fb voir. Cathares, Templiers, soci\u00e9t\u00e9s secr\u00e8tes \u00e9mergent des brumes du pass\u00e9, pour s\u2019arracher un secret \u00e0 n\u2019importe quel prix.<\/p>\n<p><span style=\"color: #003366;\"><em>\u00c9ditions\u00a0: Les Mon\u00e9di\u00e8res &#8211;\u00a0ISBN\u00a0:978-2-36340-009-3 &#8211; Prix\u00a0: 22 \u20ac<\/em><\/span><\/p>\n<blockquote><p>Ouvrage disponible\u00a0 sur le site des \u00c9ditions Les Mon\u00e9di\u00e8res\u00a0: <a href=\"http:\/\/www.editions-monedieres.com\/\">http:\/\/www.editions-monedieres.com\/<\/a><\/p><\/blockquote>\n<p>&nbsp;<\/p>\n","protected":false},"excerpt":{"rendered":"<div class=\"mh-excerpt\">Au pied du ch\u00e2teau de Monts\u00e9gur un village d\u00e9sert\u00e9 est \u00e0 vendre dans les ann\u00e9es 1960. Guilhem un m\u00e9decin toulousain d\u00e9cide de clore un chapitre de sa vie et de s\u2019installer dans ce hameau. Le <a class=\"mh-excerpt-more\" href=\"https:\/\/www.o-p-i.fr\/7alire\/7-a-lire-actu\/le-nom-des-pierres-daniel-duges-editions-les-monedieres\/\" title=\"\u00ab\u00a0Le Nom des pierres\u00a0\u00bb.  Daniel DUGES.  Editions Les Mon\u00e9di\u00e8res.\">[&#8230;]<\/a><\/div>\n","protected":false},"author":3,"featured_media":0,"comment_status":"open","ping_status":"open","sticky":false,"template":"","format":"standard","meta":{"_jetpack_memberships_contains_paid_content":false,"footnotes":"","_links_to":"","_links_to_target":""},"categories":[3115,3,4],"tags":[844,642,3128,3127,3130,728,3129],"coauthors":[],"class_list":{"0":"post-12893","1":"post","2":"type-post","3":"status-publish","4":"format-standard","6":"category-duges-daniel","7":"category-7-a-lire-actu","8":"category-auteurs-contemporains","9":"tag-amitie","10":"tag-chateau","11":"tag-deserte","12":"tag-montsegur","13":"tag-rehabilitation","14":"tag-secret","15":"tag-vendre"},"jetpack_featured_media_url":"","jetpack_sharing_enabled":true,"_links":{"self":[{"href":"https:\/\/www.o-p-i.fr\/7alire\/wp-json\/wp\/v2\/posts\/12893","targetHints":{"allow":["GET"]}}],"collection":[{"href":"https:\/\/www.o-p-i.fr\/7alire\/wp-json\/wp\/v2\/posts"}],"about":[{"href":"https:\/\/www.o-p-i.fr\/7alire\/wp-json\/wp\/v2\/types\/post"}],"author":[{"embeddable":true,"href":"https:\/\/www.o-p-i.fr\/7alire\/wp-json\/wp\/v2\/users\/3"}],"replies":[{"embeddable":true,"href":"https:\/\/www.o-p-i.fr\/7alire\/wp-json\/wp\/v2\/comments?post=12893"}],"version-history":[{"count":4,"href":"https:\/\/www.o-p-i.fr\/7alire\/wp-json\/wp\/v2\/posts\/12893\/revisions"}],"predecessor-version":[{"id":12906,"href":"https:\/\/www.o-p-i.fr\/7alire\/wp-json\/wp\/v2\/posts\/12893\/revisions\/12906"}],"wp:attachment":[{"href":"https:\/\/www.o-p-i.fr\/7alire\/wp-json\/wp\/v2\/media?parent=12893"}],"wp:term":[{"taxonomy":"category","embeddable":true,"href":"https:\/\/www.o-p-i.fr\/7alire\/wp-json\/wp\/v2\/categories?post=12893"},{"taxonomy":"post_tag","embeddable":true,"href":"https:\/\/www.o-p-i.fr\/7alire\/wp-json\/wp\/v2\/tags?post=12893"},{"taxonomy":"author","embeddable":true,"href":"https:\/\/www.o-p-i.fr\/7alire\/wp-json\/wp\/v2\/coauthors?post=12893"}],"curies":[{"name":"wp","href":"https:\/\/api.w.org\/{rel}","templated":true}]}}