{"id":13026,"date":"2015-07-07T15:00:36","date_gmt":"2015-07-07T13:00:36","guid":{"rendered":"\/7alire\/?p=13026"},"modified":"2018-11-06T23:31:33","modified_gmt":"2018-11-06T21:31:33","slug":"4eme-salon-du-livre-a-mortroux-23-dimanche-26-juillet-2015","status":"publish","type":"post","link":"https:\/\/www.o-p-i.fr\/7alire\/7-a-lire-actu\/4eme-salon-du-livre-a-mortroux-23-dimanche-26-juillet-2015\/","title":{"rendered":"4\u00e8me Salon du Livre \u00e0 Mortroux (23) . Dimanche 26 Juillet 2015."},"content":{"rendered":"<p>4\u00e8me Salon du Livre \u00e0 Mortroux le Dimanche 26 Juillet 2015, de 9h \u00e0 18h, Salle Socio Culturelle.<\/p>\n<figure id=\"attachment_13027\" aria-describedby=\"caption-attachment-13027\" style=\"width: 211px\" class=\"wp-caption alignright\"><a href=\"https:\/\/www.o-p-i.fr\/7alire\/wp-content\/uploads\/salonmortroux.jpg\"><img loading=\"lazy\" decoding=\"async\" class=\"size-medium wp-image-13027\" src=\"https:\/\/www.o-p-i.fr\/7alire\/wp-content\/uploads\/salonmortroux-211x300.jpg\" alt=\"Salon du Livre de Mortroux (23)\" width=\"211\" height=\"300\" srcset=\"https:\/\/www.o-p-i.fr\/7alire\/wp-content\/uploads\/salonmortroux-211x300.jpg 211w, https:\/\/www.o-p-i.fr\/7alire\/wp-content\/uploads\/salonmortroux.jpg 499w\" sizes=\"auto, (max-width: 211px) 100vw, 211px\" \/><\/a><figcaption id=\"caption-attachment-13027\" class=\"wp-caption-text\">Salon du Livre de Mortroux (23)<\/figcaption><\/figure>\n<p><strong>Liste des auteurs inscrits <\/strong>(liste susceptible de modifications).<br \/>\nSi vous cliquez sur le nom en rouge, vous d\u00e9couvrirez la page de l\u2019auteur sur 7 \u00e0 lire !<\/p>\n<p><span style=\"text-decoration: underline;\">47 Auteurs<\/span><br \/>\nBrigitte BAUMONT<br \/>\nOlivier BLOCHET<br \/>\nMichelle Marie BODIN-BOUGELOT<br \/>\nLaure BOLATRE<br \/>\nDavid BOURNAS<br \/>\nMaryse BOUZET<br \/>\nJean-Pierre BRINET<br \/>\nJosyane CASSAIGNE<br \/>\nAndr\u00e9 CLAVAUD (Les ma\u00e7ons de la Creuse)<br \/>\nH\u00e9l\u00e8ne CONRAUX<br \/>\nFran\u00e7ois COULAUD<br \/>\nMaurice DACCORD<br \/>\nTony DUPUY<br \/>\nDominique FARIGOUX<br \/>\nFran\u00e7oise FAURE<br \/>\n<a title=\"En savoir +\" href=\"https:\/\/www.o-p-i.fr\/7alire\/?cat=1857\">Liliane FAURIAC<\/a><br \/>\nMartial GAUCHAIS<br \/>\nLouis GOHIN<br \/>\nChristophe GRANDEMANGE<br \/>\nGUENA L<br \/>\nPatrick GUICHARD<br \/>\nChristian HARDY<br \/>\n<a title=\"En savoir +\" href=\"https:\/\/www.o-p-i.fr\/7alire\/?cat=2973\">Martine JANICOT DEMAISON<\/a><br \/>\nOlivier JOURDIA<br \/>\nNicole JULIEN COMBEMOREL<br \/>\nFr\u00e9d\u00e9ric LAIR<br \/>\nSimone LEGOUBE (ACPG CATM 23)<br \/>\nNicole LYON<br \/>\n<a title=\"En savoir +\" href=\"https:\/\/www.o-p-i.fr\/7alire\/?cat=3164\">Bruno MALIVERT<\/a><br \/>\nG\u00e9raldine MARTIN<br \/>\nRoger MARTINI<br \/>\nVanessa MICHEL<br \/>\nMartine NOEL<br \/>\nNicole NONIN-GRAU<br \/>\nJean-Pierre NORIS<br \/>\nSylvie PETINON<br \/>\nEric PETITALOT<br \/>\nBenoit PEYRE<br \/>\nAndr\u00e9e RAFFIER<br \/>\nChristine RAFFIER<br \/>\nOdile REBEYRAT<br \/>\nFabienne REVE-PERICHON<br \/>\nMichel RIVET<br \/>\nMarie ROLLIN<br \/>\nEvelyne TONGOURIAN BONHOMME<br \/>\nJocelyne TRIBOT<\/p>\n<p><span style=\"text-decoration: underline;\">5 \u00c9diteurs<\/span><br \/>\nLa Bouinotte<br \/>\nCPE Editions<br \/>\nEditions Henry<br \/>\nRebelle<br \/>\nLa Veytizou<\/p>\n<p>&nbsp;<\/p>\n","protected":false},"excerpt":{"rendered":"<div class=\"mh-excerpt\">4\u00e8me Salon du Livre \u00e0 Mortroux le Dimanche 26 Juillet 2015, de 9h \u00e0 18h, Salle Socio Culturelle. Liste des auteurs inscrits (liste susceptible de modifications). Si vous cliquez sur le nom en rouge, vous <a class=\"mh-excerpt-more\" href=\"https:\/\/www.o-p-i.fr\/7alire\/7-a-lire-actu\/4eme-salon-du-livre-a-mortroux-23-dimanche-26-juillet-2015\/\" title=\"4\u00e8me Salon du Livre \u00e0 Mortroux (23) . Dimanche 26 Juillet 2015.\">[&#8230;]<\/a><\/div>\n","protected":false},"author":2,"featured_media":0,"comment_status":"open","ping_status":"open","sticky":false,"template":"","format":"standard","meta":{"_jetpack_memberships_contains_paid_content":false,"footnotes":"","_links_to":"","_links_to_target":""},"categories":[3,15,14],"tags":[],"coauthors":[],"class_list":{"0":"post-13026","1":"post","2":"type-post","3":"status-publish","4":"format-standard","6":"category-7-a-lire-actu","7":"category-dedicaces","8":"category-salon-du-livre-7-a-lire-actu"},"jetpack_featured_media_url":"","jetpack_sharing_enabled":true,"_links":{"self":[{"href":"https:\/\/www.o-p-i.fr\/7alire\/wp-json\/wp\/v2\/posts\/13026","targetHints":{"allow":["GET"]}}],"collection":[{"href":"https:\/\/www.o-p-i.fr\/7alire\/wp-json\/wp\/v2\/posts"}],"about":[{"href":"https:\/\/www.o-p-i.fr\/7alire\/wp-json\/wp\/v2\/types\/post"}],"author":[{"embeddable":true,"href":"https:\/\/www.o-p-i.fr\/7alire\/wp-json\/wp\/v2\/users\/2"}],"replies":[{"embeddable":true,"href":"https:\/\/www.o-p-i.fr\/7alire\/wp-json\/wp\/v2\/comments?post=13026"}],"version-history":[{"count":3,"href":"https:\/\/www.o-p-i.fr\/7alire\/wp-json\/wp\/v2\/posts\/13026\/revisions"}],"predecessor-version":[{"id":18077,"href":"https:\/\/www.o-p-i.fr\/7alire\/wp-json\/wp\/v2\/posts\/13026\/revisions\/18077"}],"wp:attachment":[{"href":"https:\/\/www.o-p-i.fr\/7alire\/wp-json\/wp\/v2\/media?parent=13026"}],"wp:term":[{"taxonomy":"category","embeddable":true,"href":"https:\/\/www.o-p-i.fr\/7alire\/wp-json\/wp\/v2\/categories?post=13026"},{"taxonomy":"post_tag","embeddable":true,"href":"https:\/\/www.o-p-i.fr\/7alire\/wp-json\/wp\/v2\/tags?post=13026"},{"taxonomy":"author","embeddable":true,"href":"https:\/\/www.o-p-i.fr\/7alire\/wp-json\/wp\/v2\/coauthors?post=13026"}],"curies":[{"name":"wp","href":"https:\/\/api.w.org\/{rel}","templated":true}]}}