{"id":13140,"date":"2016-03-16T10:15:33","date_gmt":"2016-03-16T08:15:33","guid":{"rendered":"\/7alire\/?p=13140"},"modified":"2018-10-27T14:34:49","modified_gmt":"2018-10-27T12:34:49","slug":"jean-francois-mezil-biographie","status":"publish","type":"post","link":"https:\/\/www.o-p-i.fr\/7alire\/7-a-lire-actu\/jean-francois-mezil-biographie\/","title":{"rendered":"Jean-Fran\u00e7ois MEZIL. Biographie"},"content":{"rendered":"<figure id=\"attachment_13143\" aria-describedby=\"caption-attachment-13143\" style=\"width: 250px\" class=\"wp-caption alignleft\"><a href=\"https:\/\/www.o-p-i.fr\/7alire\/wp-content\/uploads\/jeanfrancoismezil.jpg\"><img loading=\"lazy\" decoding=\"async\" class=\"size-full wp-image-13143\" src=\"https:\/\/www.o-p-i.fr\/7alire\/wp-content\/uploads\/jeanfrancoismezil.jpg\" alt=\"Jean-Fran\u00e7ois MEZIL\" width=\"250\" height=\"333\" srcset=\"https:\/\/www.o-p-i.fr\/7alire\/wp-content\/uploads\/jeanfrancoismezil.jpg 250w, https:\/\/www.o-p-i.fr\/7alire\/wp-content\/uploads\/jeanfrancoismezil-225x300.jpg 225w\" sizes=\"auto, (max-width: 250px) 100vw, 250px\" \/><\/a><figcaption id=\"caption-attachment-13143\" class=\"wp-caption-text\">Jean-Fran\u00e7ois MEZIL<\/figcaption><\/figure>\n<p style=\"text-align: justify;\">N\u00e9 en octobre 1951, \u00e0 Cannes, Jean-Fran\u00e7ois M\u00e9zil \u00e9crit son premier po\u00e8me \u00e0 huit ans. L\u2019\u00e9criture depuis ne le l\u00e2che pas, bien qu\u2019il m\u00e8ne une carri\u00e8re d\u2019informaticien. Auteur de chansons, salu\u00e9es par Georges Brassens, il fr\u00e9quente les cabarets dont le Club des Po\u00e8tes de Jean-Pierre Rosnay. Il \u00e9crit aussi pour le th\u00e9\u00e2tre (une de ces pi\u00e8ces a donn\u00e9 lieu \u00e0 des lectures au Th\u00e9\u00e2tre du Nord-Ouest et lui a valu un \u00e9mouvant courrier de Laurent Terzieff). Il est l\u2019auteur de plusieurs romans dont deux sont parus aux \u00e9ditions Feuilles : Hier est en route (publi\u00e9 en octobre 2014) et Il y aura des premiers (mars 2016).<\/p>\n<p style=\"text-align: justify;\"><span style=\"color: #99cc00;\"><strong>Contact :<\/strong> <\/span><br \/>\nCourriel : <a href=\"mailto:jean-francois.mezil@laposte.net\">jean-francois.mezil@laposte.net<\/a><\/p>\n<p style=\"text-align: justify;\">Pour voir l&rsquo;article dans Luchon Mag, <a href=\"http:\/\/www.luchonmag.fr\/Chronique-litteraire-rencontre-avec-Jean-Francois-Mezil_a2730.html\" target=\"_blank\" rel=\"noopener noreferrer\">cliquez ici<\/a><\/p>\n","protected":false},"excerpt":{"rendered":"<div class=\"mh-excerpt\">N\u00e9 en octobre 1951, \u00e0 Cannes, Jean-Fran\u00e7ois M\u00e9zil \u00e9crit son premier po\u00e8me \u00e0 huit ans. L\u2019\u00e9criture depuis ne le l\u00e2che pas, bien qu\u2019il m\u00e8ne une carri\u00e8re d\u2019informaticien. Auteur de chansons, salu\u00e9es par Georges Brassens, il <a class=\"mh-excerpt-more\" href=\"https:\/\/www.o-p-i.fr\/7alire\/7-a-lire-actu\/jean-francois-mezil-biographie\/\" title=\"Jean-Fran\u00e7ois MEZIL. Biographie\">[&#8230;]<\/a><\/div>\n","protected":false},"author":3,"featured_media":0,"comment_status":"open","ping_status":"open","sticky":false,"template":"","format":"standard","meta":{"_jetpack_memberships_contains_paid_content":false,"footnotes":"","_links_to":"","_links_to_target":""},"categories":[3174,3,4],"tags":[2760,1122,3641,227],"coauthors":[],"class_list":{"0":"post-13140","1":"post","2":"type-post","3":"status-publish","4":"format-standard","6":"category-mezil-jean-francois","7":"category-7-a-lire-actu","8":"category-auteurs-contemporains","9":"tag-chanson","10":"tag-poeme","11":"tag-roman","12":"tag-theatre"},"jetpack_featured_media_url":"","jetpack_sharing_enabled":true,"_links":{"self":[{"href":"https:\/\/www.o-p-i.fr\/7alire\/wp-json\/wp\/v2\/posts\/13140","targetHints":{"allow":["GET"]}}],"collection":[{"href":"https:\/\/www.o-p-i.fr\/7alire\/wp-json\/wp\/v2\/posts"}],"about":[{"href":"https:\/\/www.o-p-i.fr\/7alire\/wp-json\/wp\/v2\/types\/post"}],"author":[{"embeddable":true,"href":"https:\/\/www.o-p-i.fr\/7alire\/wp-json\/wp\/v2\/users\/3"}],"replies":[{"embeddable":true,"href":"https:\/\/www.o-p-i.fr\/7alire\/wp-json\/wp\/v2\/comments?post=13140"}],"version-history":[{"count":7,"href":"https:\/\/www.o-p-i.fr\/7alire\/wp-json\/wp\/v2\/posts\/13140\/revisions"}],"predecessor-version":[{"id":17970,"href":"https:\/\/www.o-p-i.fr\/7alire\/wp-json\/wp\/v2\/posts\/13140\/revisions\/17970"}],"wp:attachment":[{"href":"https:\/\/www.o-p-i.fr\/7alire\/wp-json\/wp\/v2\/media?parent=13140"}],"wp:term":[{"taxonomy":"category","embeddable":true,"href":"https:\/\/www.o-p-i.fr\/7alire\/wp-json\/wp\/v2\/categories?post=13140"},{"taxonomy":"post_tag","embeddable":true,"href":"https:\/\/www.o-p-i.fr\/7alire\/wp-json\/wp\/v2\/tags?post=13140"},{"taxonomy":"author","embeddable":true,"href":"https:\/\/www.o-p-i.fr\/7alire\/wp-json\/wp\/v2\/coauthors?post=13140"}],"curies":[{"name":"wp","href":"https:\/\/api.w.org\/{rel}","templated":true}]}}