{"id":132,"date":"2009-09-21T13:06:27","date_gmt":"2009-09-21T11:06:27","guid":{"rendered":"\/7alire\/?p=132"},"modified":"2009-09-21T13:11:58","modified_gmt":"2009-09-21T11:11:58","slug":"rencontres-europeennes-europoesie","status":"publish","type":"post","link":"https:\/\/www.o-p-i.fr\/7alire\/7-a-lire-actu\/rencontres-europeennes-europoesie\/","title":{"rendered":"RENCONTRES EUROPEENNES-EUROPOESIE"},"content":{"rendered":"<p style=\"text-align: center;\"><span style=\"color: #ff9900;\"><strong>REGLEMENT DU CONCOURS 2008<\/strong><\/span><\/p>\n<p><span style=\"text-decoration: underline;\">Article 1<\/span><\/p>\n<p>A l&rsquo;occasion du 20\u00e8me anniversaire de la Convention Internationale des Droits de l&rsquo;Enfant, l&rsquo;association Rencontre Europ\u00e9ennes-Europo\u00e9sie (Loi 1901) organise son second concours de po\u00e9sie en 2009 ouvert \u00e0 tous les po\u00e8tes d\u2019expression francophone, <strong>au profit du Comit\u00e9 de Paris de l\u2019UNICEF.<\/strong><\/p>\n<p>La cl\u00f4ture des inscriptions est fix\u00e9e au <strong>30 septembre 2009<\/strong>, le cachet de la poste faisant foi.<\/p>\n<p><span style=\"text-decoration: underline;\">Article 2<\/span><\/p>\n<p><strong>Deux th\u00e8mes sont propos\u00e9s<\/strong> :<\/p>\n<p><strong>. L\u2019enfance : aide et protection<\/strong><\/p>\n<p><strong> . Th\u00e8me libre<\/strong><\/p>\n<p><strong>Trois sections<\/strong> en versification <strong>par th\u00e8me<\/strong> : <strong>classique-n\u00e9oclassique, libre, po\u00e8me court et ha\u00efku<\/strong><\/p>\n<p>Chaque participant peut envoyer autant de po\u00e8mes qu\u2019il le souhaite, en trois exemplaires chacun, moyennant le r\u00e8glement des frais d\u2019inscription, soit<strong> 5 \u20ac par po\u00e8me<\/strong>.<\/p>\n<p><span style=\"text-decoration: underline;\">Article 3<\/span><\/p>\n<p>Chaque po\u00e8me ne d\u00e9passera pas 40 vers. Le th\u00e8me et la section seront mentionn\u00e9s en haut et \u00e0 gauche de chaque exemplaire.<\/p>\n<p><span style=\"text-decoration: underline;\">Article 4<\/span><\/p>\n<p>Les textes seront dactylographi\u00e9s, sur papier blanc standard (80 g), au format A4. Les noms, adresse, t\u00e9l\u00e9phone et courriel seront mentionn\u00e9s sur une feuille libre jointe. <strong>L\u2019anonymat sera totalement respect\u00e9 par le jury.<\/strong><\/p>\n<p><span style=\"text-decoration: underline;\">Article 5<\/span><\/p>\n<p>L\u2019envoi de chaque concurrent, par la poste, comprendra :<\/p>\n<p>. Les po\u00e8mes en 3 exemplaires chacun ;<\/p>\n<p>. Une feuille libre avec les noms et coordonn\u00e9es ;<\/p>\n<p>. Deux enveloppes timbr\u00e9es au nom et adresse du concurrent ;<\/p>\n<p>. Un exemplaire du pr\u00e9sent r\u00e8glement dat\u00e9 et sign\u00e9 portant la mention \u00ab lu et approuv\u00e9 \u00bb.<\/p>\n<p>. Un ch\u00e8que global de r\u00e8glement des frais d\u2019inscription (5 \u20ac par po\u00e8me), <strong>\u00e0 l\u2019ordre de \u00ab Rencontres Europ\u00e9ennes-Europo\u00e9sie<\/strong><\/p>\n<p><strong>Envoi au Pr\u00e9sident : Jo\u00ebl CONTE &#8211; 21 rue Robert Degert &#8211; 94400 Vitry sur Seine<\/strong><\/p>\n<p>T\u00e9l. :\u00a0 06 08 98 67 02 \u2013 Courriel : <a href=\"mailto:joel.f.conte@wanadoo.fr\">joel.f.conte@wanadoo.fr<\/a><\/p>\n<p><span style=\"text-decoration: underline;\">Article 6<\/span><\/p>\n<p>Les envois seront adress\u00e9s non recommand\u00e9s mais suffisamment affranchis.<\/p>\n<p><span style=\"text-decoration: underline;\">Article 7<\/span><\/p>\n<p>Les envois seront effectu\u00e9s sous la seule responsabilit\u00e9 du candidat.Quelles que soient les r\u00e9clamations et les suites au plan judiciaire, elles ne sauraient engager les organisateurs.<\/p>\n<p><span style=\"text-decoration: underline;\">Article 8<\/span><\/p>\n<p>Trois prix, et des dipl\u00f4mes d\u2019Honneur seront attribu\u00e9s par section :<\/p>\n<p><strong>Po\u00e9sie Classique et N\u00e9oclassique &#8211; Po\u00e9sie Libre &#8211; Po\u00e8me court et ha\u00efku<\/strong><\/p>\n<p><span style=\"text-decoration: underline;\">Article 9<\/span><\/p>\n<p><strong>Une anthologie sera r\u00e9alis\u00e9e<\/strong> \u00e0 partir des po\u00e8mes pr\u00e9sent\u00e9s au concours. Elle sera vendue au profit du Comit\u00e9 de Paris pour l\u2019UNICEF. Chaque participant peut envoyer ses po\u00e8mes \u00e0 <a href=\"mailto:joel.f.conte@wanadoo.fr\">joel.f.conte@wanadoo.fr<\/a><\/p>\n<p><span style=\"text-decoration: underline;\">Article 10<\/span><\/p>\n<p>Deux jurys, de pr\u00e9selection et de s\u00e9lection finale, seront compos\u00e9s de po\u00e8tes reconnus. Leurs d\u00e9cisions sont sans appel. Les po\u00e8me ne seront pas rendus.<\/p>\n<p><span style=\"text-decoration: underline;\">Article 11<\/span><\/p>\n<p>La remise des prix aura lieu lors d\u2019une soir\u00e9e de gala, au mois de d\u00e9cembre 2009.<\/p>\n<p>Tous les participants seront invit\u00e9s \u00e0 cette manifestation au cours de laquelle le palmar\u00e8s sera donn\u00e9.<\/p>\n<p>Pour s&rsquo;inscrire <a href=\"https:\/\/www.o-p-i.fr\/page\/cestalire\/concours_unicef.pdf\" target=\"_blank\">cliquez ici<\/a><\/p>\n","protected":false},"excerpt":{"rendered":"<div class=\"mh-excerpt\">REGLEMENT DU CONCOURS 2008 Article 1 A l&rsquo;occasion du 20\u00e8me anniversaire de la Convention Internationale des Droits de l&rsquo;Enfant, l&rsquo;association Rencontre Europ\u00e9ennes-Europo\u00e9sie (Loi 1901) organise son second concours de po\u00e9sie en 2009 ouvert \u00e0 tous <a class=\"mh-excerpt-more\" href=\"https:\/\/www.o-p-i.fr\/7alire\/7-a-lire-actu\/rencontres-europeennes-europoesie\/\" title=\"RENCONTRES EUROPEENNES-EUROPOESIE\">[&#8230;]<\/a><\/div>\n","protected":false},"author":1,"featured_media":0,"comment_status":"open","ping_status":"open","sticky":false,"template":"","format":"standard","meta":{"_jetpack_memberships_contains_paid_content":false,"footnotes":"","_links_to":"","_links_to_target":""},"categories":[3,16],"tags":[],"coauthors":[],"class_list":{"0":"post-132","1":"post","2":"type-post","3":"status-publish","4":"format-standard","6":"category-7-a-lire-actu","7":"category-concours_litteraires"},"jetpack_featured_media_url":"","jetpack_sharing_enabled":true,"_links":{"self":[{"href":"https:\/\/www.o-p-i.fr\/7alire\/wp-json\/wp\/v2\/posts\/132","targetHints":{"allow":["GET"]}}],"collection":[{"href":"https:\/\/www.o-p-i.fr\/7alire\/wp-json\/wp\/v2\/posts"}],"about":[{"href":"https:\/\/www.o-p-i.fr\/7alire\/wp-json\/wp\/v2\/types\/post"}],"author":[{"embeddable":true,"href":"https:\/\/www.o-p-i.fr\/7alire\/wp-json\/wp\/v2\/users\/1"}],"replies":[{"embeddable":true,"href":"https:\/\/www.o-p-i.fr\/7alire\/wp-json\/wp\/v2\/comments?post=132"}],"version-history":[{"count":4,"href":"https:\/\/www.o-p-i.fr\/7alire\/wp-json\/wp\/v2\/posts\/132\/revisions"}],"predecessor-version":[{"id":134,"href":"https:\/\/www.o-p-i.fr\/7alire\/wp-json\/wp\/v2\/posts\/132\/revisions\/134"}],"wp:attachment":[{"href":"https:\/\/www.o-p-i.fr\/7alire\/wp-json\/wp\/v2\/media?parent=132"}],"wp:term":[{"taxonomy":"category","embeddable":true,"href":"https:\/\/www.o-p-i.fr\/7alire\/wp-json\/wp\/v2\/categories?post=132"},{"taxonomy":"post_tag","embeddable":true,"href":"https:\/\/www.o-p-i.fr\/7alire\/wp-json\/wp\/v2\/tags?post=132"},{"taxonomy":"author","embeddable":true,"href":"https:\/\/www.o-p-i.fr\/7alire\/wp-json\/wp\/v2\/coauthors?post=132"}],"curies":[{"name":"wp","href":"https:\/\/api.w.org\/{rel}","templated":true}]}}