{"id":13457,"date":"2015-09-15T11:04:06","date_gmt":"2015-09-15T09:04:06","guid":{"rendered":"\/7alire\/?p=13457"},"modified":"2015-09-15T11:04:06","modified_gmt":"2015-09-15T09:04:06","slug":"lalbigeois-au-moyen-age-conference-a-cahuzac-sur-vere-81","status":"publish","type":"post","link":"https:\/\/www.o-p-i.fr\/7alire\/7-a-lire-actu\/lalbigeois-au-moyen-age-conference-a-cahuzac-sur-vere-81\/","title":{"rendered":"L&rsquo;Albigeois au Moyen Age. Conf\u00e9rence \u00e0 Cahuzac sur V\u00e8re (81)"},"content":{"rendered":"<p>Conf\u00e9rence par G\u00e9rard Veyri\u00e8s\u00a0 Samedi 26 Septembre 2015 en l&rsquo;\u00e9glise de Gran\u00e9jouls.<\/p>\n<p>Au profit de la restauration de l&rsquo;\u00e9glise.<\/p>\n<figure id=\"attachment_13458\" aria-describedby=\"caption-attachment-13458\" style=\"width: 547px\" class=\"wp-caption aligncenter\"><a href=\"https:\/\/www.o-p-i.fr\/7alire\/wp-content\/uploads\/albigeois_veyries.jpg\"><img loading=\"lazy\" decoding=\"async\" class=\"size-full wp-image-13458\" src=\"https:\/\/www.o-p-i.fr\/7alire\/wp-content\/uploads\/albigeois_veyries.jpg\" alt=\"Conf\u00e9rence &quot;L'Albigeois au Moyen Age&quot; - G\u00e9rard Veyri\u00e8s\" width=\"547\" height=\"752\" srcset=\"https:\/\/www.o-p-i.fr\/7alire\/wp-content\/uploads\/albigeois_veyries.jpg 547w, https:\/\/www.o-p-i.fr\/7alire\/wp-content\/uploads\/albigeois_veyries-218x300.jpg 218w\" sizes=\"auto, (max-width: 547px) 100vw, 547px\" \/><\/a><figcaption id=\"caption-attachment-13458\" class=\"wp-caption-text\">Conf\u00e9rence \u00ab\u00a0L&rsquo;Albigeois au Moyen Age\u00a0\u00bb &#8211; G\u00e9rard Veyri\u00e8s<\/figcaption><\/figure>\n<p>Tarif : 10\u20ac<\/p>\n","protected":false},"excerpt":{"rendered":"<div class=\"mh-excerpt\">Conf\u00e9rence par G\u00e9rard Veyri\u00e8s\u00a0 Samedi 26 Septembre 2015 en l&rsquo;\u00e9glise de Gran\u00e9jouls. Au profit de la restauration de l&rsquo;\u00e9glise. Tarif : 10\u20ac<\/div>\n","protected":false},"author":2,"featured_media":0,"comment_status":"open","ping_status":"open","sticky":false,"template":"","format":"standard","meta":{"_jetpack_memberships_contains_paid_content":false,"footnotes":"","_links_to":"","_links_to_target":""},"categories":[662,3],"tags":[657,3320,383,1394,639],"coauthors":[],"class_list":{"0":"post-13457","1":"post","2":"type-post","3":"status-publish","4":"format-standard","6":"category--veyries-gerard","7":"category-7-a-lire-actu","8":"tag-albigeois","9":"tag-cahuzac-sur-vere","10":"tag-conference","11":"tag-eglise","12":"tag-gerard-veyries"},"jetpack_featured_media_url":"","jetpack_sharing_enabled":true,"_links":{"self":[{"href":"https:\/\/www.o-p-i.fr\/7alire\/wp-json\/wp\/v2\/posts\/13457","targetHints":{"allow":["GET"]}}],"collection":[{"href":"https:\/\/www.o-p-i.fr\/7alire\/wp-json\/wp\/v2\/posts"}],"about":[{"href":"https:\/\/www.o-p-i.fr\/7alire\/wp-json\/wp\/v2\/types\/post"}],"author":[{"embeddable":true,"href":"https:\/\/www.o-p-i.fr\/7alire\/wp-json\/wp\/v2\/users\/2"}],"replies":[{"embeddable":true,"href":"https:\/\/www.o-p-i.fr\/7alire\/wp-json\/wp\/v2\/comments?post=13457"}],"version-history":[{"count":1,"href":"https:\/\/www.o-p-i.fr\/7alire\/wp-json\/wp\/v2\/posts\/13457\/revisions"}],"predecessor-version":[{"id":13459,"href":"https:\/\/www.o-p-i.fr\/7alire\/wp-json\/wp\/v2\/posts\/13457\/revisions\/13459"}],"wp:attachment":[{"href":"https:\/\/www.o-p-i.fr\/7alire\/wp-json\/wp\/v2\/media?parent=13457"}],"wp:term":[{"taxonomy":"category","embeddable":true,"href":"https:\/\/www.o-p-i.fr\/7alire\/wp-json\/wp\/v2\/categories?post=13457"},{"taxonomy":"post_tag","embeddable":true,"href":"https:\/\/www.o-p-i.fr\/7alire\/wp-json\/wp\/v2\/tags?post=13457"},{"taxonomy":"author","embeddable":true,"href":"https:\/\/www.o-p-i.fr\/7alire\/wp-json\/wp\/v2\/coauthors?post=13457"}],"curies":[{"name":"wp","href":"https:\/\/api.w.org\/{rel}","templated":true}]}}