{"id":13664,"date":"2015-10-28T08:01:36","date_gmt":"2015-10-28T06:01:36","guid":{"rendered":"\/7alire\/?p=13664"},"modified":"2015-10-28T08:02:16","modified_gmt":"2015-10-28T06:02:16","slug":"la-belugueta-de-tgoc-vous-informe-emploi-dassistant-e-a-lorganisation-de-luniversite-occitane-dete-de-laguepie-82","status":"publish","type":"post","link":"https:\/\/www.o-p-i.fr\/7alire\/occitanie\/la-belugueta-de-tgoc-vous-informe-emploi-dassistant-e-a-lorganisation-de-luniversite-occitane-dete-de-laguepie-82\/","title":{"rendered":"La Belugueta de TG\u2019OC vous informe : Emploi d&rsquo;assistant,-e \u00e0 l&rsquo;organisation de l&rsquo;Universit\u00e9 occitane d&rsquo;\u00e9t\u00e9 de Lagu\u00e9pie (82)"},"content":{"rendered":"<p>L&rsquo;Association<\/p>\n<figure id=\"attachment_13676\" aria-describedby=\"caption-attachment-13676\" style=\"width: 300px\" class=\"wp-caption alignright\"><a href=\"https:\/\/www.o-p-i.fr\/7alire\/wp-content\/uploads\/logo_lengaviva.jpg\"><img loading=\"lazy\" decoding=\"async\" class=\"size-medium wp-image-13676\" src=\"https:\/\/www.o-p-i.fr\/7alire\/wp-content\/uploads\/logo_lengaviva-300x166.jpg\" alt=\"Lenga Viva\" width=\"300\" height=\"166\" srcset=\"https:\/\/www.o-p-i.fr\/7alire\/wp-content\/uploads\/logo_lengaviva-300x166.jpg 300w, https:\/\/www.o-p-i.fr\/7alire\/wp-content\/uploads\/logo_lengaviva.jpg 672w\" sizes=\"auto, (max-width: 300px) 100vw, 300px\" \/><\/a><figcaption id=\"caption-attachment-13676\" class=\"wp-caption-text\">Lenga Viva<\/figcaption><\/figure>\n<p><strong>Universitat occitana d&rsquo;estiu de LA GU\u00c9PIA<br \/>\n<\/strong>Mairie<br \/>\n82 250 LAGU\u00c9PIE<\/p>\n<p><em>En partenariat avec \u00a0:<\/em><\/p>\n<p>ESCAMBIAR,<br \/>\n35 Place Tiercerettes,<br \/>\n31000 TOULOUSE<\/p>\n<p>CARREFOUR CULTUREL ARNAUD BERNARD,<br \/>\n3 Rue Escoussi\u00e8res Arnaud Bernard,<br \/>\n31000 TOULOUSE<\/p>\n<p><strong>Cherchons\u00a0<span style=\"text-decoration: underline;\">personne \u00e9ligible \u00e0 un emploi aid\u00e9<\/span>\u00a0pour assistance \u00e0 l&rsquo;organisation de l&rsquo;Universit\u00e9 occitane d&rsquo;\u00e9t\u00e9 de Lagu\u00e9pie (82),<\/strong><\/p>\n<p>(voir site :\u00a0<a href=\"http:\/\/lengaviva.com\/\">http:\/\/lengaviva.com\/<\/a>\u00a0).<\/p>\n<p>\u2014 communication et diffusion (milieu occitan et public plus large, en France et \u00e0 l&rsquo;\u00e9tranger).<\/p>\n<p>\u2014 administration.<\/p>\n<p>\u2014 organisation pratique.<\/p>\n<p><span style=\"text-decoration: underline;\">N\u00e9cessaire<\/span>\u00a0 :<\/p>\n<p>\u2014 ma\u00eetrise des outils informatiques et gestion de site internet.<\/p>\n<p>\u2014 connaissance int\u00e9ress\u00e9e des grands traits de la langue et de la culture occitane, du monde occitan (acteurs, probl\u00e9matiques), du patrimoine r\u00e9gional.<\/p>\n<p>\u2014 ma\u00eetrise de la langue occitane non obligatoire, mais souhait\u00e9e \u00e0 moyen et long terme pour la p\u00e9rennisation de l&#8217;emploi.<\/p>\n<p><strong>L&rsquo;id\u00e9al serait de trouver une personne qui souhaiterait, avec notre aide, s&rsquo;inventer<\/strong>\u00a0<strong>un v\u00e9ritable emploi s&rsquo;affirmant dans la dur\u00e9e<\/strong>\u00a0autour du patrimoine et de l&rsquo;action culturelle occitane dans cette r\u00e9gion, en \u00e9largissant ses comp\u00e9tences au patrimoine et \u00e0 la culture en g\u00e9n\u00e9ral, aux arts, au tourisme, \u00e0 l&rsquo;\u00e9ducation populaire et \u00e0 l&rsquo;animation en milieu rural, au d\u00e9veloppement des petites villes et \u00e0 la cr\u00e9ation (on sait maintenant que beaucoup d&#8217;emplois dans le futur seront li\u00e9s \u00e0 la culture sous toutes ses formes, et c&rsquo;est dans cette perspective qu&rsquo;il faut se placer).<\/p>\n<p>Nous serons ouverts \u00e0 des adaptations de l&#8217;emploi en fonction du lieu de r\u00e9sidence et du profil du candidat.<\/p>\n<p>Vous pouvez adresser votre CV \u00e0 Lenga Viva, G\u00e9rard Dani\u00e9lou.<\/p>\n<p><span style=\"color: #99cc00;\"><strong>Contact :<\/strong><\/span> Lenga Viva, G\u00e9rard Dani\u00e9lou<br \/>\nCourriel :\u00a0<a href=\"mailto:gerard.danielou312@orange.fr\">gerard.danielou312@orange.fr<\/a><br \/>\nSite : <a href=\"http:\/\/lengaviva.com\/\">http:\/\/lengaviva.com\/<\/a><\/p>\n","protected":false},"excerpt":{"rendered":"<div class=\"mh-excerpt\">L&rsquo;Association Universitat occitana d&rsquo;estiu de LA GU\u00c9PIA Mairie 82 250 LAGU\u00c9PIE En partenariat avec \u00a0: ESCAMBIAR, 35 Place Tiercerettes, 31000 TOULOUSE CARREFOUR CULTUREL ARNAUD BERNARD, 3 Rue Escoussi\u00e8res Arnaud Bernard, 31000 TOULOUSE Cherchons\u00a0personne \u00e9ligible \u00e0 <a class=\"mh-excerpt-more\" href=\"https:\/\/www.o-p-i.fr\/7alire\/occitanie\/la-belugueta-de-tgoc-vous-informe-emploi-dassistant-e-a-lorganisation-de-luniversite-occitane-dete-de-laguepie-82\/\" title=\"La Belugueta de TG\u2019OC vous informe : Emploi d&rsquo;assistant,-e \u00e0 l&rsquo;organisation de l&rsquo;Universit\u00e9 occitane d&rsquo;\u00e9t\u00e9 de Lagu\u00e9pie (82)\">[&#8230;]<\/a><\/div>\n","protected":false},"author":2,"featured_media":0,"comment_status":"open","ping_status":"open","sticky":false,"template":"","format":"standard","meta":{"_jetpack_memberships_contains_paid_content":false,"footnotes":"","_links_to":"","_links_to_target":""},"categories":[266,1189,10],"tags":[688,1002,1003,8,3631,2517],"coauthors":[],"class_list":{"0":"post-13664","1":"post","2":"type-post","3":"status-publish","4":"format-standard","6":"category-activites-occitanes","7":"category-la-belugueta-de-tgoc","8":"category-occitanie","9":"tag-emploi","10":"tag-laguepie","11":"tag-lenga-viva","12":"tag-occitan","13":"tag-occitanie","14":"tag-universite-occitane-dete"},"jetpack_featured_media_url":"","jetpack_sharing_enabled":true,"_links":{"self":[{"href":"https:\/\/www.o-p-i.fr\/7alire\/wp-json\/wp\/v2\/posts\/13664","targetHints":{"allow":["GET"]}}],"collection":[{"href":"https:\/\/www.o-p-i.fr\/7alire\/wp-json\/wp\/v2\/posts"}],"about":[{"href":"https:\/\/www.o-p-i.fr\/7alire\/wp-json\/wp\/v2\/types\/post"}],"author":[{"embeddable":true,"href":"https:\/\/www.o-p-i.fr\/7alire\/wp-json\/wp\/v2\/users\/2"}],"replies":[{"embeddable":true,"href":"https:\/\/www.o-p-i.fr\/7alire\/wp-json\/wp\/v2\/comments?post=13664"}],"version-history":[{"count":2,"href":"https:\/\/www.o-p-i.fr\/7alire\/wp-json\/wp\/v2\/posts\/13664\/revisions"}],"predecessor-version":[{"id":13678,"href":"https:\/\/www.o-p-i.fr\/7alire\/wp-json\/wp\/v2\/posts\/13664\/revisions\/13678"}],"wp:attachment":[{"href":"https:\/\/www.o-p-i.fr\/7alire\/wp-json\/wp\/v2\/media?parent=13664"}],"wp:term":[{"taxonomy":"category","embeddable":true,"href":"https:\/\/www.o-p-i.fr\/7alire\/wp-json\/wp\/v2\/categories?post=13664"},{"taxonomy":"post_tag","embeddable":true,"href":"https:\/\/www.o-p-i.fr\/7alire\/wp-json\/wp\/v2\/tags?post=13664"},{"taxonomy":"author","embeddable":true,"href":"https:\/\/www.o-p-i.fr\/7alire\/wp-json\/wp\/v2\/coauthors?post=13664"}],"curies":[{"name":"wp","href":"https:\/\/api.w.org\/{rel}","templated":true}]}}