{"id":13810,"date":"2015-11-19T16:58:31","date_gmt":"2015-11-19T14:58:31","guid":{"rendered":"\/7alire\/?p=13810"},"modified":"2022-02-06T20:16:32","modified_gmt":"2022-02-06T18:16:32","slug":"le-masque-rouge-jean-dupin","status":"publish","type":"post","link":"https:\/\/www.o-p-i.fr\/7alire\/7-a-lire-actu\/le-masque-rouge-jean-dupin\/","title":{"rendered":"\u00ab\u00a0Le Masque rouge\u00a0\u00bb.   Jean DUPIN"},"content":{"rendered":"<figure id=\"attachment_13830\" aria-describedby=\"caption-attachment-13830\" style=\"width: 425px\" class=\"wp-caption alignleft\"><a href=\"https:\/\/www.o-p-i.fr\/7alire\/wp-content\/uploads\/couv_masquerouge.jpg\"><img loading=\"lazy\" decoding=\"async\" class=\"wp-image-13830\" src=\"https:\/\/www.o-p-i.fr\/7alire\/wp-content\/uploads\/couv_masquerouge.jpg\" alt=\"&quot;Le Masque rouge&quot;. Jean DUPIN\" width=\"425\" height=\"612\" \/><\/a><figcaption id=\"caption-attachment-13830\" class=\"wp-caption-text\">\u00ab\u00a0Le Masque rouge\u00a0\u00bb. Jean DUPIN<\/figcaption><\/figure>\n<p style=\"text-align: justify;\">Fin de la derni\u00e8re guerre. En Aveyron, les foires reprennent leur lustre. Mais voici que du c\u00f4t\u00e9 de l&rsquo;Aubrac un d\u00e9trousseur de maquignons et de paysans s&rsquo;illustre, sous le nom de <em>Masque rouge<\/em>, puis semble s&rsquo;\u00e9vanouir, malgr\u00e9 les enqu\u00eates de la Mar\u00e9chauss\u00e9e et de quelques journalistes en qu\u00eate de sensationnel.<\/p>\n<p style=\"text-align: justify;\">\u00c1 Labroqui\u00e8re, sur les croupes du L\u00e9v\u00e9zou, on n\u2019a gu\u00e8re vu d\u2019uniformes vert-de-gris. Pourtant subsistent des ranc\u0153urs et des rumeurs. Sourdes. En effet, les ann\u00e9es sombres ne se soldent pas de fa\u00e7on \u00e9quivalente pour tous.<\/p>\n<p style=\"text-align: justify;\">Il y a Fran\u00e7ois Delmon, qui rentre, exsangue, des camps allemands, o\u00f9 l\u2019a jet\u00e9 une d\u00e9nonciation. Il cherche un m\u00e9tier, pour revivre\u00a0; et, sans le crier sur les toits, le nom du l\u00e2che d\u00e9lateur.<\/p>\n<p style=\"text-align: justify;\">Il y a Gustave Malavia, propri\u00e9taire et marchand de vaches \u00e0 ses heures, toujours plus riche et Grand Manitou du pays, mais accabl\u00e9 d\u2019un fils flambeur et apprenti maquignon \u00e0 la manque.<\/p>\n<p style=\"text-align: justify;\">Les mois coulent, semblant couvrir ce qui doit \u00eatre tu. Mais, dans un cr\u00e9puscule impr\u00e9visible, un malandrin masqu\u00e9 de rouge saute \u00e0 la bride de la jument de Malavia et le d\u00e9leste d\u2019un gros paquet de billets. Sous le foulard \u00e9carlate, qui glisse malencontreusement, l\u2019agress\u00e9 a-t-il pu reconna\u00eetre un visage\u00a0? Les soup\u00e7ons se multiplient<\/p>\n<p style=\"text-align: justify;\">Puis, quand on remonte un cadavre, plomb\u00e9 d\u2019une pierre, du fond d\u2019un \u00e9tang mal acquis, Labroqui\u00e8re tremble\u2026<\/p>\n<p style=\"text-align: justify;\">Un suspect sur mesure, c\u2019est l\u2019erreur judiciaire assur\u00e9e. Mais le lecteur d\u00e9couvrira la v\u00e9rit\u00e9 surprise du p\u00e9ch\u00e9 capital qui a envoy\u00e9 le noy\u00e9 nez contre la vase.<\/p>\n<p style=\"text-align: justify;\">Jean Dupin se r\u00e9v\u00e8le ici l\u2019artisan soigneux d\u2019un suspense rural sans faille. Toujours fid\u00e8le \u00e0 son Aveyron natal, il signe avec \u00ab\u00a0Le Masque rouge\u00a0\u00bb son douzi\u00e8me roman.<\/p>\n","protected":false},"excerpt":{"rendered":"<div class=\"mh-excerpt\">Fin de la derni\u00e8re guerre. En Aveyron, les foires reprennent leur lustre. Mais voici que du c\u00f4t\u00e9 de l&rsquo;Aubrac un d\u00e9trousseur de maquignons et de paysans s&rsquo;illustre, sous le nom de Masque rouge, puis semble <a class=\"mh-excerpt-more\" href=\"https:\/\/www.o-p-i.fr\/7alire\/7-a-lire-actu\/le-masque-rouge-jean-dupin\/\" title=\"\u00ab\u00a0Le Masque rouge\u00a0\u00bb.   Jean DUPIN\">[&#8230;]<\/a><\/div>\n","protected":false},"author":3,"featured_media":0,"comment_status":"open","ping_status":"open","sticky":false,"template":"","format":"standard","meta":{"_jetpack_memberships_contains_paid_content":false,"footnotes":"","_links_to":"","_links_to_target":""},"categories":[125,3,4,456,79],"tags":[3462,146,3460,2155,67,3459,3463,3461,3146],"coauthors":[],"class_list":{"0":"post-13810","1":"post","2":"type-post","3":"status-publish","4":"format-standard","6":"category--dupin-jean","7":"category-7-a-lire-actu","8":"category-auteurs-contemporains","9":"category-genre","10":"category-roman","11":"tag-aubrac","12":"tag-aveyron","13":"tag-cadavre","14":"tag-foire","15":"tag-guerre","16":"tag-malandrin","17":"tag-maquignon","18":"tag-suspect","19":"tag-suspense"},"jetpack_featured_media_url":"","jetpack_sharing_enabled":true,"_links":{"self":[{"href":"https:\/\/www.o-p-i.fr\/7alire\/wp-json\/wp\/v2\/posts\/13810","targetHints":{"allow":["GET"]}}],"collection":[{"href":"https:\/\/www.o-p-i.fr\/7alire\/wp-json\/wp\/v2\/posts"}],"about":[{"href":"https:\/\/www.o-p-i.fr\/7alire\/wp-json\/wp\/v2\/types\/post"}],"author":[{"embeddable":true,"href":"https:\/\/www.o-p-i.fr\/7alire\/wp-json\/wp\/v2\/users\/3"}],"replies":[{"embeddable":true,"href":"https:\/\/www.o-p-i.fr\/7alire\/wp-json\/wp\/v2\/comments?post=13810"}],"version-history":[{"count":4,"href":"https:\/\/www.o-p-i.fr\/7alire\/wp-json\/wp\/v2\/posts\/13810\/revisions"}],"predecessor-version":[{"id":22558,"href":"https:\/\/www.o-p-i.fr\/7alire\/wp-json\/wp\/v2\/posts\/13810\/revisions\/22558"}],"wp:attachment":[{"href":"https:\/\/www.o-p-i.fr\/7alire\/wp-json\/wp\/v2\/media?parent=13810"}],"wp:term":[{"taxonomy":"category","embeddable":true,"href":"https:\/\/www.o-p-i.fr\/7alire\/wp-json\/wp\/v2\/categories?post=13810"},{"taxonomy":"post_tag","embeddable":true,"href":"https:\/\/www.o-p-i.fr\/7alire\/wp-json\/wp\/v2\/tags?post=13810"},{"taxonomy":"author","embeddable":true,"href":"https:\/\/www.o-p-i.fr\/7alire\/wp-json\/wp\/v2\/coauthors?post=13810"}],"curies":[{"name":"wp","href":"https:\/\/api.w.org\/{rel}","templated":true}]}}