{"id":13922,"date":"2016-01-06T20:20:06","date_gmt":"2016-01-06T18:20:06","guid":{"rendered":"\/7alire\/?p=13922"},"modified":"2016-01-06T20:22:29","modified_gmt":"2016-01-06T18:22:29","slug":"valentin-marmottin-et-autres-vagabondages-jean-pierre-meyer","status":"publish","type":"post","link":"https:\/\/www.o-p-i.fr\/7alire\/7-a-lire-actu\/valentin-marmottin-et-autres-vagabondages-jean-pierre-meyer\/","title":{"rendered":"\u00ab\u00a0Valentin Marmottin et autres vagabondages\u00a0\u00bb. Jean-Pierre MEYER"},"content":{"rendered":"<figure id=\"attachment_14018\" aria-describedby=\"caption-attachment-14018\" style=\"width: 200px\" class=\"wp-caption alignleft\"><a href=\"https:\/\/www.o-p-i.fr\/7alire\/wp-content\/uploads\/couv_valentinmarmottin.jpg\"><img loading=\"lazy\" decoding=\"async\" class=\"size-full wp-image-14018\" src=\"https:\/\/www.o-p-i.fr\/7alire\/wp-content\/uploads\/couv_valentinmarmottin.jpg\" alt=\"&quot;Valentin Marmottin et autres vagabondages&quot;. Jean-Pierre MEYER\" width=\"200\" height=\"279\" \/><\/a><figcaption id=\"caption-attachment-14018\" class=\"wp-caption-text\">\u00ab\u00a0Valentin Marmottin et autres vagabondages\u00a0\u00bb. Jean-Pierre MEYER<\/figcaption><\/figure>\n<p style=\"text-align: justify;\">Il s\u2019en souviendrait toujours. C\u2019\u00e9tait un de ces trop nombreux jours de temp\u00eate qui peuplaient d\u00e9sormais sa vie. Le fameux r\u00e9chauffement de la plan\u00e8te n\u2019avait jamais autant congel\u00e9 son \u00e2me. Fig\u00e9 ses \u00e9nergies. Le froid s\u2019immis\u00e7ait partout. De ses r\u00eaves tristement monochromes \u00e0 la recherche d\u2019une \u00e9bauche d\u2019arc-en-ciel jusqu\u2019\u00e0 ses douloureuses respirations qui rougissaient ses poumons bouillants. Son coeur s\u2019obstinait encore sans plus de conviction \u00e0 le mettre en garde. Mais \u00e0 quoi bon, l\u2019homme n\u2019en ferait qu\u2019\u00e0 sa t\u00eate. Comme toujours.<\/p>\n<p style=\"text-align: justify;\">On passe ici brutalement du sourire \u00e0 la m\u00e9lancolie, de la tendresse \u00e0 la cruaut\u00e9, du soleil \u00e0 l\u2019ombre&#8230;Trente nouvelles p\u00e9tillantes qui s\u2019encha\u00eenent comme autant de bulles dans une coupe de f\u00eate. Pas un moment de r\u00e9pit pour souffler. \u00e7a fait sourire, \u00e7a interpelle, \u00e7a \u00e9meut, \u00e7a pique, \u00e7a d\u00e9mange, \u00e7a d\u00e9range, \u00e7a caresse&#8230;<\/p>\n<p><span style=\"color: #003366;\"><em>ISBN N\u00b0 978-2-9550079-2-1 &#8211; Prix : 15 \u20ac<\/em><\/span><\/p>\n<blockquote><p>T\u00e9l\u00e9charger le bon de commande <a href=\"https:\/\/www.o-p-i.fr\/7alire\/wp-content\/uploads\/commande_valentinmarrmottin.pdf\">en cliquant ici<\/a>.<\/p><\/blockquote>\n","protected":false},"excerpt":{"rendered":"<div class=\"mh-excerpt\">Il s\u2019en souviendrait toujours. C\u2019\u00e9tait un de ces trop nombreux jours de temp\u00eate qui peuplaient d\u00e9sormais sa vie. Le fameux r\u00e9chauffement de la plan\u00e8te n\u2019avait jamais autant congel\u00e9 son \u00e2me. Fig\u00e9 ses \u00e9nergies. Le froid <a class=\"mh-excerpt-more\" href=\"https:\/\/www.o-p-i.fr\/7alire\/7-a-lire-actu\/valentin-marmottin-et-autres-vagabondages-jean-pierre-meyer\/\" title=\"\u00ab\u00a0Valentin Marmottin et autres vagabondages\u00a0\u00bb. Jean-Pierre MEYER\">[&#8230;]<\/a><\/div>\n","protected":false},"author":3,"featured_media":0,"comment_status":"open","ping_status":"open","sticky":false,"template":"","format":"standard","meta":{"_jetpack_memberships_contains_paid_content":false,"footnotes":"","_links_to":"","_links_to_target":""},"categories":[2719,3,4,456,78],"tags":[2104,3496,1303,3497,3498,2506,1313,3338,1087],"coauthors":[],"class_list":{"0":"post-13922","1":"post","2":"type-post","3":"status-publish","4":"format-standard","6":"category-meyer-jean-pierre","7":"category-7-a-lire-actu","8":"category-auteurs-contemporains","9":"category-genre","10":"category-nouvelle","11":"tag-coeur","12":"tag-conviction","13":"tag-cruaute","14":"tag-melancolie","15":"tag-ombre-nouvelle","16":"tag-se-souvenir","17":"tag-soleil","18":"tag-sourire","19":"tag-tendresse"},"jetpack_featured_media_url":"","jetpack_sharing_enabled":true,"_links":{"self":[{"href":"https:\/\/www.o-p-i.fr\/7alire\/wp-json\/wp\/v2\/posts\/13922","targetHints":{"allow":["GET"]}}],"collection":[{"href":"https:\/\/www.o-p-i.fr\/7alire\/wp-json\/wp\/v2\/posts"}],"about":[{"href":"https:\/\/www.o-p-i.fr\/7alire\/wp-json\/wp\/v2\/types\/post"}],"author":[{"embeddable":true,"href":"https:\/\/www.o-p-i.fr\/7alire\/wp-json\/wp\/v2\/users\/3"}],"replies":[{"embeddable":true,"href":"https:\/\/www.o-p-i.fr\/7alire\/wp-json\/wp\/v2\/comments?post=13922"}],"version-history":[{"count":4,"href":"https:\/\/www.o-p-i.fr\/7alire\/wp-json\/wp\/v2\/posts\/13922\/revisions"}],"predecessor-version":[{"id":14022,"href":"https:\/\/www.o-p-i.fr\/7alire\/wp-json\/wp\/v2\/posts\/13922\/revisions\/14022"}],"wp:attachment":[{"href":"https:\/\/www.o-p-i.fr\/7alire\/wp-json\/wp\/v2\/media?parent=13922"}],"wp:term":[{"taxonomy":"category","embeddable":true,"href":"https:\/\/www.o-p-i.fr\/7alire\/wp-json\/wp\/v2\/categories?post=13922"},{"taxonomy":"post_tag","embeddable":true,"href":"https:\/\/www.o-p-i.fr\/7alire\/wp-json\/wp\/v2\/tags?post=13922"},{"taxonomy":"author","embeddable":true,"href":"https:\/\/www.o-p-i.fr\/7alire\/wp-json\/wp\/v2\/coauthors?post=13922"}],"curies":[{"name":"wp","href":"https:\/\/api.w.org\/{rel}","templated":true}]}}