{"id":14267,"date":"2016-03-16T11:37:20","date_gmt":"2016-03-16T09:37:20","guid":{"rendered":"\/7alire\/?p=14267"},"modified":"2016-03-16T11:37:20","modified_gmt":"2016-03-16T09:37:20","slug":"hier-est-en-route-jean-francois-mezil","status":"publish","type":"post","link":"https:\/\/www.o-p-i.fr\/7alire\/auteurs-contemporains\/mezil-jean-francois\/hier-est-en-route-jean-francois-mezil\/","title":{"rendered":"\u00ab\u00a0Hier est en route\u00a0\u00bb. Jean-Fran\u00e7ois MEZIL"},"content":{"rendered":"<figure id=\"attachment_14269\" aria-describedby=\"caption-attachment-14269\" style=\"width: 200px\" class=\"wp-caption alignleft\"><a href=\"https:\/\/www.o-p-i.fr\/7alire\/wp-content\/uploads\/couv_Hier-est-en-route.jpg\"><img loading=\"lazy\" decoding=\"async\" class=\"size-full wp-image-14269\" src=\"https:\/\/www.o-p-i.fr\/7alire\/wp-content\/uploads\/couv_Hier-est-en-route.jpg\" alt=\"&quot;Hier est en route&quot;. Jean-Fran\u00e7ois MEZIL\" width=\"200\" height=\"291\" \/><\/a><figcaption id=\"caption-attachment-14269\" class=\"wp-caption-text\">\u00ab\u00a0Hier est en route\u00a0\u00bb. Jean-Fran\u00e7ois MEZIL<\/figcaption><\/figure>\n<p><em>Je vais vous raconter demain.<\/em><\/p>\n<p><em>Hier \u00e9tait trop triste.<\/em><\/p>\n<p>Le roman d\u00e9bute avec ces deux phrases et tout le d\u00e9but est \u00e9crit au futur\u00a0: Demain, j\u2019irai au cin\u00e9ma\u2026<\/p>\n<p>Le narrateur imagine en effet Demain. Il ira donc au cin\u00e9ma. Y rencontrera une femme\u2026<\/p>\n<p>Il imagine aussi le film qui sera projet\u00e9 et dans lequel une femme et un homme aussi se rencontrent.<\/p>\n<p>C\u2019est donc le jeu d\u2019une double fiction\u00a0: le couple de la salle et celui de l\u2019\u00e9cran dont les histoires se r\u00e9pondent, et s\u2019entrecroisent, et s\u2019entrem\u00ealent\u2026 au point que les personnages \u2013 ceux de la salle et ceux du film \u2013 finissent par se rencontrer dans l\u2019imaginaire du narrateur.<\/p>\n<p>Voil\u00e0, pour la premi\u00e8re partie.<\/p>\n<p>Deuxi\u00e8me partie\u00a0: on est demain\u2026 et l\u2019on voit comment les choses se passent r\u00e9ellement\u00a0!<\/p>\n<p><span style=\"color: #003366;\"><em>Octobre 2014 <\/em><\/span><\/p>\n<blockquote><p>En vente dans les librairies (sur commande) et sur Amazon, Fnac, Chapitre, Decitre, etc.<\/p><\/blockquote>\n","protected":false},"excerpt":{"rendered":"<div class=\"mh-excerpt\">Je vais vous raconter demain. Hier \u00e9tait trop triste. Le roman d\u00e9bute avec ces deux phrases et tout le d\u00e9but est \u00e9crit au futur\u00a0: Demain, j\u2019irai au cin\u00e9ma\u2026 Le narrateur imagine en effet Demain. Il <a class=\"mh-excerpt-more\" href=\"https:\/\/www.o-p-i.fr\/7alire\/auteurs-contemporains\/mezil-jean-francois\/hier-est-en-route-jean-francois-mezil\/\" title=\"\u00ab\u00a0Hier est en route\u00a0\u00bb. Jean-Fran\u00e7ois MEZIL\">[&#8230;]<\/a><\/div>\n","protected":false},"author":2,"featured_media":0,"comment_status":"open","ping_status":"open","sticky":false,"template":"","format":"standard","meta":{"_jetpack_memberships_contains_paid_content":false,"footnotes":"","_links_to":"","_links_to_target":""},"categories":[3174],"tags":[3604,880,3641],"coauthors":[],"class_list":{"0":"post-14267","1":"post","2":"type-post","3":"status-publish","4":"format-standard","6":"category-mezil-jean-francois","7":"tag-double-fiction","8":"tag-imaginaire","9":"tag-roman"},"jetpack_featured_media_url":"","jetpack_sharing_enabled":true,"_links":{"self":[{"href":"https:\/\/www.o-p-i.fr\/7alire\/wp-json\/wp\/v2\/posts\/14267","targetHints":{"allow":["GET"]}}],"collection":[{"href":"https:\/\/www.o-p-i.fr\/7alire\/wp-json\/wp\/v2\/posts"}],"about":[{"href":"https:\/\/www.o-p-i.fr\/7alire\/wp-json\/wp\/v2\/types\/post"}],"author":[{"embeddable":true,"href":"https:\/\/www.o-p-i.fr\/7alire\/wp-json\/wp\/v2\/users\/2"}],"replies":[{"embeddable":true,"href":"https:\/\/www.o-p-i.fr\/7alire\/wp-json\/wp\/v2\/comments?post=14267"}],"version-history":[{"count":1,"href":"https:\/\/www.o-p-i.fr\/7alire\/wp-json\/wp\/v2\/posts\/14267\/revisions"}],"predecessor-version":[{"id":14270,"href":"https:\/\/www.o-p-i.fr\/7alire\/wp-json\/wp\/v2\/posts\/14267\/revisions\/14270"}],"wp:attachment":[{"href":"https:\/\/www.o-p-i.fr\/7alire\/wp-json\/wp\/v2\/media?parent=14267"}],"wp:term":[{"taxonomy":"category","embeddable":true,"href":"https:\/\/www.o-p-i.fr\/7alire\/wp-json\/wp\/v2\/categories?post=14267"},{"taxonomy":"post_tag","embeddable":true,"href":"https:\/\/www.o-p-i.fr\/7alire\/wp-json\/wp\/v2\/tags?post=14267"},{"taxonomy":"author","embeddable":true,"href":"https:\/\/www.o-p-i.fr\/7alire\/wp-json\/wp\/v2\/coauthors?post=14267"}],"curies":[{"name":"wp","href":"https:\/\/api.w.org\/{rel}","templated":true}]}}