{"id":14381,"date":"2016-04-08T09:26:57","date_gmt":"2016-04-08T07:26:57","guid":{"rendered":"\/7alire\/?p=14381"},"modified":"2022-02-19T18:14:51","modified_gmt":"2022-02-19T16:14:51","slug":"la-petite-fille-aux-ballons-colette-berthes","status":"publish","type":"post","link":"https:\/\/www.o-p-i.fr\/7alire\/7-a-lire-actu\/la-petite-fille-aux-ballons-colette-berthes\/","title":{"rendered":"\u00ab\u00a0La petite fille aux ballons\u00a0\u00bb. Colette BERTHES."},"content":{"rendered":"<figure id=\"attachment_14406\" aria-describedby=\"caption-attachment-14406\" style=\"width: 425px\" class=\"wp-caption alignleft\"><img loading=\"lazy\" decoding=\"async\" class=\"wp-image-14406\" src=\"https:\/\/www.o-p-i.fr\/7alire\/wp-content\/uploads\/couv_La_petite_fille_aux_ballons.jpg\" alt=\"&quot;La petite fille aux ballons&quot;. Colette BERTHES.\" width=\"425\" height=\"640\" srcset=\"https:\/\/www.o-p-i.fr\/7alire\/wp-content\/uploads\/couv_La_petite_fille_aux_ballons.jpg 200w, https:\/\/www.o-p-i.fr\/7alire\/wp-content\/uploads\/couv_La_petite_fille_aux_ballons-199x300.jpg 199w\" sizes=\"auto, (max-width: 425px) 100vw, 425px\" \/><figcaption id=\"caption-attachment-14406\" class=\"wp-caption-text\">\u00ab\u00a0La petite fille aux ballons\u00a0\u00bb. Colette BERTHES.<\/figcaption><\/figure>\n<p style=\"text-align: justify;\">La\u00efla enqu\u00eate. De Bethl\u00e9hem \u00e0 H\u00e9bron en passant par Ramallah, de villes en camps de r\u00e9fugi\u00e9s, aupr\u00e8s de sa famille et aupr\u00e8s d\u2019inconnus, elle suit la piste de sa fille Amal. Cette m\u00e8re d\u00e9sesp\u00e9r\u00e9e mais lucide veut comprendre. Pourquoi, comment et avec qui sa fille, jeune avocate moderne, a-t-elle men\u00e9 une op\u00e9ration suicide \u00e0 J\u00e9rusalem-Ouest ? \u00c0 travers sa qu\u00eate, ses rencontres, ses d\u00e9couvertes, c\u2019est l\u2019actualit\u00e9 de la Palestine qui se d\u00e9voile, vue et v\u00e9cue au quotidien au plus pr\u00e8s des gens ordinaires. C\u2019est aussi l\u2019Histoire, lointaine ou r\u00e9cente, qui est retrac\u00e9e avec son cort\u00e8ge de guerres, d\u2019occupations, d\u2019intifadas, d\u2019espoir de paix et de d\u00e9senchantement. Une fiction haletante, tellement nourrie de r\u00e9alit\u00e9s qu\u2019elle permet de cerner ce que l\u2019actualit\u00e9 brouillonne nous emp\u00eache de comprendre. Elle raconte avec justesse les r\u00e9percussions de ces \u00e9v\u00e9nements sur une soci\u00e9t\u00e9 d\u00e9chir\u00e9e qui aspire \u00e0 vivre libre.<\/p>\n<p><span style=\"color: #003366;\"><em>\u00c9ditions Riveneuve. \u00a0 ISBN :\u00a0 978-2-36013-370-3 &#8211; Prix : 18 euros , 282 pages<\/em><\/span><\/p>\n<blockquote><p>Ouvrage disponible en librairie, chez l&rsquo;\u00e9diteur<\/p><\/blockquote>\n<p><em>Colette Berth\u00e8s vit et voyage entre son Quercy natal et le Proche- Orient. Engag\u00e9e dans des associations pour les droits de l\u2019Homme et l\u2019abolition de la peine de mort, elle est l\u2019auteure chez Riveneuve de L\u2019exil et les barbel\u00e9s (2011) sur les r\u00e9publicains espagnols intern\u00e9s au camp de Septfonds et de La machine \u00e0 tuer (2013) sur la justice au Texas. Elle a \u00e9galement publi\u00e9 plusieurs romans sur la r\u00e9gion toulousaine.<\/em><\/p>\n","protected":false},"excerpt":{"rendered":"<div class=\"mh-excerpt\">La\u00efla enqu\u00eate. De Bethl\u00e9hem \u00e0 H\u00e9bron en passant par Ramallah, de villes en camps de r\u00e9fugi\u00e9s, aupr\u00e8s de sa famille et aupr\u00e8s d\u2019inconnus, elle suit la piste de sa fille Amal. Cette m\u00e8re d\u00e9sesp\u00e9r\u00e9e mais <a class=\"mh-excerpt-more\" href=\"https:\/\/www.o-p-i.fr\/7alire\/7-a-lire-actu\/la-petite-fille-aux-ballons-colette-berthes\/\" title=\"\u00ab\u00a0La petite fille aux ballons\u00a0\u00bb. Colette BERTHES.\">[&#8230;]<\/a><\/div>\n","protected":false},"author":3,"featured_media":0,"comment_status":"open","ping_status":"open","sticky":false,"template":"","format":"standard","meta":{"_jetpack_memberships_contains_paid_content":false,"footnotes":"","_links_to":"","_links_to_target":""},"categories":[342,3,4,79],"tags":[3650,1043,520,3626,124,3628,3627,506,187,2404],"coauthors":[],"class_list":{"0":"post-14381","1":"post","2":"type-post","3":"status-publish","4":"format-standard","6":"category--berthes-colette","7":"category-7-a-lire-actu","8":"category-auteurs-contemporains","9":"category-roman","10":"tag-bethlehem","11":"tag-decouverte","12":"tag-enquete","13":"tag-hebron","14":"tag-histoire","15":"tag-palestine","16":"tag-ramallah","17":"tag-refugie","18":"tag-rencontre","19":"tag-suicide"},"jetpack_featured_media_url":"","jetpack_sharing_enabled":true,"_links":{"self":[{"href":"https:\/\/www.o-p-i.fr\/7alire\/wp-json\/wp\/v2\/posts\/14381","targetHints":{"allow":["GET"]}}],"collection":[{"href":"https:\/\/www.o-p-i.fr\/7alire\/wp-json\/wp\/v2\/posts"}],"about":[{"href":"https:\/\/www.o-p-i.fr\/7alire\/wp-json\/wp\/v2\/types\/post"}],"author":[{"embeddable":true,"href":"https:\/\/www.o-p-i.fr\/7alire\/wp-json\/wp\/v2\/users\/3"}],"replies":[{"embeddable":true,"href":"https:\/\/www.o-p-i.fr\/7alire\/wp-json\/wp\/v2\/comments?post=14381"}],"version-history":[{"count":6,"href":"https:\/\/www.o-p-i.fr\/7alire\/wp-json\/wp\/v2\/posts\/14381\/revisions"}],"predecessor-version":[{"id":22828,"href":"https:\/\/www.o-p-i.fr\/7alire\/wp-json\/wp\/v2\/posts\/14381\/revisions\/22828"}],"wp:attachment":[{"href":"https:\/\/www.o-p-i.fr\/7alire\/wp-json\/wp\/v2\/media?parent=14381"}],"wp:term":[{"taxonomy":"category","embeddable":true,"href":"https:\/\/www.o-p-i.fr\/7alire\/wp-json\/wp\/v2\/categories?post=14381"},{"taxonomy":"post_tag","embeddable":true,"href":"https:\/\/www.o-p-i.fr\/7alire\/wp-json\/wp\/v2\/tags?post=14381"},{"taxonomy":"author","embeddable":true,"href":"https:\/\/www.o-p-i.fr\/7alire\/wp-json\/wp\/v2\/coauthors?post=14381"}],"curies":[{"name":"wp","href":"https:\/\/api.w.org\/{rel}","templated":true}]}}