{"id":144,"date":"2009-09-21T13:19:36","date_gmt":"2009-09-21T11:19:36","guid":{"rendered":"\/7alire\/?p=144"},"modified":"2009-09-21T13:19:36","modified_gmt":"2009-09-21T11:19:36","slug":"collectage-des-hymnes-locaux-en-occitan","status":"publish","type":"post","link":"https:\/\/www.o-p-i.fr\/7alire\/7-a-lire-actu\/collectage-des-hymnes-locaux-en-occitan\/","title":{"rendered":"Collectage des hymnes locaux en occitan"},"content":{"rendered":"<p><span class=\"Style47\"><span class=\"Style62\">De nombreux villages, villes ou m\u00eame paroisses de Midi-Pyr\u00e9n\u00e9es ont des hymnes en occitan (graphie patoisante accept\u00e9e).\u00a0 Afin de montrer la vitalit\u00e9 de notre langue, \u00ab Midi-Pyr\u00e9n\u00e9es occitan \u00bb souhaite recueillir et mettre en valeur ces hymnes locaux.<\/span><\/span><\/p>\n<p>Nous vous invitons \u00e0   les faire parvenir \u00e0 \u00ab Midi-Pyr\u00e9n\u00e9es occitan \u00bb :<br \/>\nL\u2019Esquirolada,<br \/>\n1400 Route   d\u2019Auch<br \/>\n82000 Montauban.<br \/>\nT\u00e9l. :\u00a0 09 71 58 68 78 \/ 06 71 00 29 25<br \/>\nCourriel : <a href=\"mailto:tarnegaroc@orange.fr\">tarnegaroc@orange.fr<\/a><\/p>\n","protected":false},"excerpt":{"rendered":"<div class=\"mh-excerpt\">De nombreux villages, villes ou m\u00eame paroisses de Midi-Pyr\u00e9n\u00e9es ont des hymnes en occitan (graphie patoisante accept\u00e9e).\u00a0 Afin de montrer la vitalit\u00e9 de notre langue, \u00ab Midi-Pyr\u00e9n\u00e9es occitan \u00bb souhaite recueillir et mettre en valeur <a class=\"mh-excerpt-more\" href=\"https:\/\/www.o-p-i.fr\/7alire\/7-a-lire-actu\/collectage-des-hymnes-locaux-en-occitan\/\" title=\"Collectage des hymnes locaux en occitan\">[&#8230;]<\/a><\/div>\n","protected":false},"author":1,"featured_media":0,"comment_status":"open","ping_status":"open","sticky":false,"template":"","format":"standard","meta":{"_jetpack_memberships_contains_paid_content":false,"footnotes":"","_links_to":"","_links_to_target":""},"categories":[3,10,12],"tags":[],"coauthors":[],"class_list":{"0":"post-144","1":"post","2":"type-post","3":"status-publish","4":"format-standard","6":"category-7-a-lire-actu","7":"category-occitanie","8":"category-tarn-e-garona-occitan"},"jetpack_featured_media_url":"","jetpack_sharing_enabled":true,"_links":{"self":[{"href":"https:\/\/www.o-p-i.fr\/7alire\/wp-json\/wp\/v2\/posts\/144","targetHints":{"allow":["GET"]}}],"collection":[{"href":"https:\/\/www.o-p-i.fr\/7alire\/wp-json\/wp\/v2\/posts"}],"about":[{"href":"https:\/\/www.o-p-i.fr\/7alire\/wp-json\/wp\/v2\/types\/post"}],"author":[{"embeddable":true,"href":"https:\/\/www.o-p-i.fr\/7alire\/wp-json\/wp\/v2\/users\/1"}],"replies":[{"embeddable":true,"href":"https:\/\/www.o-p-i.fr\/7alire\/wp-json\/wp\/v2\/comments?post=144"}],"version-history":[{"count":1,"href":"https:\/\/www.o-p-i.fr\/7alire\/wp-json\/wp\/v2\/posts\/144\/revisions"}],"predecessor-version":[{"id":145,"href":"https:\/\/www.o-p-i.fr\/7alire\/wp-json\/wp\/v2\/posts\/144\/revisions\/145"}],"wp:attachment":[{"href":"https:\/\/www.o-p-i.fr\/7alire\/wp-json\/wp\/v2\/media?parent=144"}],"wp:term":[{"taxonomy":"category","embeddable":true,"href":"https:\/\/www.o-p-i.fr\/7alire\/wp-json\/wp\/v2\/categories?post=144"},{"taxonomy":"post_tag","embeddable":true,"href":"https:\/\/www.o-p-i.fr\/7alire\/wp-json\/wp\/v2\/tags?post=144"},{"taxonomy":"author","embeddable":true,"href":"https:\/\/www.o-p-i.fr\/7alire\/wp-json\/wp\/v2\/coauthors?post=144"}],"curies":[{"name":"wp","href":"https:\/\/api.w.org\/{rel}","templated":true}]}}