{"id":14459,"date":"2016-04-25T15:56:56","date_gmt":"2016-04-25T13:56:56","guid":{"rendered":"\/7alire\/?p=14459"},"modified":"2022-02-06T13:18:03","modified_gmt":"2022-02-06T11:18:03","slug":"du-rififi-au-pays-du-silence-album-jeunesse-livre-disque-jacques-bienvenu","status":"publish","type":"post","link":"https:\/\/www.o-p-i.fr\/7alire\/7-a-lire-actu\/du-rififi-au-pays-du-silence-album-jeunesse-livre-disque-jacques-bienvenu\/","title":{"rendered":"\u00ab\u00a0Du rififi au Pays du Silence\u00a0\u00bb. Album Jeunesse &#8211; Livre disque. Jacques BIENVENU"},"content":{"rendered":"<figure id=\"attachment_14485\" aria-describedby=\"caption-attachment-14485\" style=\"width: 425px\" class=\"wp-caption alignleft\"><img loading=\"lazy\" decoding=\"async\" class=\"wp-image-14485\" src=\"https:\/\/www.o-p-i.fr\/7alire\/wp-content\/uploads\/couv_rififi-150x150.jpg\" alt=\"&quot;Du rififi au Pays du Silence&quot;. Album Jeunesse - Livre disque. Jacques BIENVENU\" width=\"425\" height=\"300\" srcset=\"https:\/\/www.o-p-i.fr\/7alire\/wp-content\/uploads\/couv_rififi-300x212.jpg 300w, https:\/\/www.o-p-i.fr\/7alire\/wp-content\/uploads\/couv_rififi.jpg 500w\" sizes=\"auto, (max-width: 425px) 100vw, 425px\" \/><figcaption id=\"caption-attachment-14485\" class=\"wp-caption-text\">\u00ab\u00a0Du rififi au Pays du Silence\u00a0\u00bb. Album Jeunesse &#8211; Livre disque. Jacques BIENVENU<\/figcaption><\/figure>\n<p style=\"text-align: justify;\">Enfance et Chansons \u00e9dite et pr\u00e9sente un deuxi\u00e8me livre disque issu de ses exp\u00e9riences sc\u00e9niques sur ce th\u00e8me. Ce nouvel album se veut encore une fois un outil d\u2019\u00e9ducation et de sensibilisation sur, cette fois, les th\u00e8mes de la nature (une constante) mais surtout sur le fait de \u00ab comment recevoir la musique \u00bb.<br \/>\nA ce jour donc et \u00e0 la suite de toute l\u2019exp\u00e9rience engrang\u00e9e jusqu\u2019alors et des multiples actions de sensibilisation par le th\u00e9\u00e2tre, la musique et l\u2019\u00e9criture aupr\u00e8s des enfants, nous avons d\u00e9cid\u00e9 de la poursuite d\u2019une action d\u2019envergure nationale avec la cr\u00e9ation de ce deuxi\u00e8me livre disque \u00e0 l\u2019attention de la jeunesse : \u00ab Du rififi au Pays du Silence\u00bb<br \/>\nR\u00e9sum\u00e9 du livre de 2 \u00e0 + de 100 ans \u2026 (difficile de donner des tranches d\u2019\u00e2ges pr\u00e9cises compte tenu des CD))<br \/>\nIci, le temps n\u2019existait pas et c\u2019est dans une cabane perdue, au sein d\u2019une for\u00eat perdue, elle-m\u00eame situ\u00e9e dans un pays perdu que vivait, sans aucun bruit bien-s\u00fbr, la famille SILENCE. Sauf que par une nuit de pleine lune, le PH\u00c9NOM\u00c8NE se produisit \u2026mais lequel ? Vous avez dit bizarre \u2026<br \/>\nA \u00e9couter, lire et chanter sans mod\u00e9ration, de pr\u00e9f\u00e9rence dans son fauteuil ou dans son lit, avec un casque \u2026 musical !<\/p>\n<p style=\"text-align: justify;\">Les objectifs vis\u00e9s\u00a0 :<br \/>\n&#8211; \u00c9duquer les enfants et leurs familles aux arts en g\u00e9n\u00e9ral (musique, illustrations visuelles, po\u00e9sie, mots \u2026) Sensibiliser \u00e0 la culture donc.<br \/>\n&#8211; Sugg\u00e9rer les choses et donc d\u00e9velopper l\u2019imaginaire chez les enfants (litt\u00e9raire, visuel ou musical)<br \/>\n&#8211; Utiliser l\u2019humour et la paix comme vecteur d\u2019\u00e9ducation en opposition \u00e0 toute la violence actuelle.<br \/>\n&#8211; Redonner aux enfants le plaisir et la notion de l\u2019ECOUTE.<br \/>\n&#8211; Donner le go\u00fbt de la lecture gr\u00e2ce \u00e0 la richesse du VOCABULAIRE.<br \/>\n&#8211; Prendre plaisir \u00e0 privil\u00e9gier, gr\u00e2ce \u00e0 un support original, la communication enfants\/ adultes : celle-ci \u00e9tant essentielle de nos jours et \u00ab en panne \u00bb actuellement, source de danger pour le futur. (ici une famille sera r\u00e9unie dans le bonheur).<br \/>\n&#8211; Tout simplement aussi faire passer un \u00ab chouette moment artistique \u00bb aux enfants<\/p>\n<p style=\"text-align: justify;\">Ecrit par Jacques BIENVENU, illustr\u00e9 par Laure PHELIPON, arrang\u00e9 au niveau musical par Lo\u00efc LAPORTE \u00e0 tous les instruments \u00ab live \u00bb, cet album se veut \u00e0 la fois plein de fantaisie, de p\u00e9dagogie, de po\u00e9sie et d&rsquo;humour alli\u00e9 \u00e0 une grande exigence de qualit\u00e9.<\/p>\n<p style=\"text-align: justify;\"><span style=\"color: #003366;\"><em>ISBN : 978-2-9551829-0-1<\/em><\/span><\/p>\n<blockquote>\n<p style=\"text-align: justify;\">Ouvrage disponible :<br \/>\n&#8211; ENFANCE et CHANSONS \u2013 7, Hameau de LARDENNES \u2013 15 250 NAUCELLES &#8211; 04 71 43 51 55<br \/>\n&#8211; sur le site : <a href=\"http:\/\/www.unetetedetoto.com\">www.unetetedetoto.com<\/a> ( bon de commande)<br \/>\n&#8211; par mail : <a href=\"mailto:enfanceetchansons@orange.fr\">enfanceetchansons@orange.fr<\/a><br \/>\n&#8211; par FACEBOOK en message priv\u00e9 : <a href=\"https:\/\/www.facebook.com\/Jacques-Bienvenu-chanteur-denfances-108112005935755\/\">https:\/\/www.facebook.com\/Jacques-Bienvenu-chanteur-denfances-108112005935755\/<\/a><br \/>\n&#8211; en librairie : voir liste sur site<\/p>\n<\/blockquote>\n","protected":false},"excerpt":{"rendered":"<div class=\"mh-excerpt\">Enfance et Chansons \u00e9dite et pr\u00e9sente un deuxi\u00e8me livre disque issu de ses exp\u00e9riences sc\u00e9niques sur ce th\u00e8me. Ce nouvel album se veut encore une fois un outil d\u2019\u00e9ducation et de sensibilisation sur, cette fois, <a class=\"mh-excerpt-more\" href=\"https:\/\/www.o-p-i.fr\/7alire\/7-a-lire-actu\/du-rififi-au-pays-du-silence-album-jeunesse-livre-disque-jacques-bienvenu\/\" title=\"\u00ab\u00a0Du rififi au Pays du Silence\u00a0\u00bb. Album Jeunesse &#8211; Livre disque. Jacques BIENVENU\">[&#8230;]<\/a><\/div>\n","protected":false},"author":3,"featured_media":0,"comment_status":"open","ping_status":"open","sticky":false,"template":"","format":"standard","meta":{"_jetpack_memberships_contains_paid_content":false,"footnotes":"","_links_to":"","_links_to_target":""},"categories":[3621,66,3,204,77,456],"tags":[2760,504,186,3678,3676,1058,3679,3677,227],"coauthors":[],"class_list":{"0":"post-14459","1":"post","2":"type-post","3":"status-publish","4":"format-standard","6":"category-bienvenu-jacques","7":"category-7-a-lire-pour-les-enfants","8":"category-7-a-lire-actu","9":"category-cd","10":"category-conte","11":"category-genre","12":"tag-chanson","13":"tag-enfance","14":"tag-jeunesse","15":"tag-le-temps","16":"tag-livre-disque","17":"tag-nature","18":"tag-pleine-lune","19":"tag-sensibilis","20":"tag-theatre"},"jetpack_featured_media_url":"","jetpack_sharing_enabled":true,"_links":{"self":[{"href":"https:\/\/www.o-p-i.fr\/7alire\/wp-json\/wp\/v2\/posts\/14459","targetHints":{"allow":["GET"]}}],"collection":[{"href":"https:\/\/www.o-p-i.fr\/7alire\/wp-json\/wp\/v2\/posts"}],"about":[{"href":"https:\/\/www.o-p-i.fr\/7alire\/wp-json\/wp\/v2\/types\/post"}],"author":[{"embeddable":true,"href":"https:\/\/www.o-p-i.fr\/7alire\/wp-json\/wp\/v2\/users\/3"}],"replies":[{"embeddable":true,"href":"https:\/\/www.o-p-i.fr\/7alire\/wp-json\/wp\/v2\/comments?post=14459"}],"version-history":[{"count":5,"href":"https:\/\/www.o-p-i.fr\/7alire\/wp-json\/wp\/v2\/posts\/14459\/revisions"}],"predecessor-version":[{"id":22490,"href":"https:\/\/www.o-p-i.fr\/7alire\/wp-json\/wp\/v2\/posts\/14459\/revisions\/22490"}],"wp:attachment":[{"href":"https:\/\/www.o-p-i.fr\/7alire\/wp-json\/wp\/v2\/media?parent=14459"}],"wp:term":[{"taxonomy":"category","embeddable":true,"href":"https:\/\/www.o-p-i.fr\/7alire\/wp-json\/wp\/v2\/categories?post=14459"},{"taxonomy":"post_tag","embeddable":true,"href":"https:\/\/www.o-p-i.fr\/7alire\/wp-json\/wp\/v2\/tags?post=14459"},{"taxonomy":"author","embeddable":true,"href":"https:\/\/www.o-p-i.fr\/7alire\/wp-json\/wp\/v2\/coauthors?post=14459"}],"curies":[{"name":"wp","href":"https:\/\/api.w.org\/{rel}","templated":true}]}}