{"id":15071,"date":"2016-08-15T16:23:48","date_gmt":"2016-08-15T14:23:48","guid":{"rendered":"\/7alire\/?p=15071"},"modified":"2016-09-01T18:07:46","modified_gmt":"2016-09-01T16:07:46","slug":"festival-jetez-lencre-au-casino-darcachon-33-10-et-11-septembre-2016","status":"publish","type":"post","link":"https:\/\/www.o-p-i.fr\/7alire\/7-a-lire-actu\/festival-jetez-lencre-au-casino-darcachon-33-10-et-11-septembre-2016\/","title":{"rendered":"Festival Jeter l&rsquo;encre ! au Casino d&rsquo;Arcachon (33). 10 et 11 Septembre 2016."},"content":{"rendered":"<figure id=\"attachment_15072\" aria-describedby=\"caption-attachment-15072\" style=\"width: 306px\" class=\"wp-caption alignright\"><a href=\"https:\/\/www.o-p-i.fr\/7alire\/wp-content\/uploads\/jetezlencre2016-arcachon.jpg\"><img loading=\"lazy\" decoding=\"async\" class=\"size-full wp-image-15072\" src=\"https:\/\/www.o-p-i.fr\/7alire\/wp-content\/uploads\/jetezlencre2016-arcachon.jpg\" alt=\"Festival &quot;Jeter l'encre&quot; au Casino d'Arcachon (33). 10 et 11 Septembre 2016.\" width=\"306\" height=\"428\" srcset=\"https:\/\/www.o-p-i.fr\/7alire\/wp-content\/uploads\/jetezlencre2016-arcachon.jpg 306w, https:\/\/www.o-p-i.fr\/7alire\/wp-content\/uploads\/jetezlencre2016-arcachon-214x300.jpg 214w\" sizes=\"auto, (max-width: 306px) 100vw, 306px\" \/><\/a><figcaption id=\"caption-attachment-15072\" class=\"wp-caption-text\">Festival \u00ab\u00a0Jeter l&rsquo;encre\u00a0\u00bb au Casino d&rsquo;Arcachon (33). 10 et 11 Septembre 2016.<\/figcaption><\/figure>\n<p>L&rsquo;Association jeter l&rsquo;encre : livres et arts accueillent \u00e0 Arcachon ces \u00e9v\u00e9nements qui ouvrent la saison hivernale de ce lieu magique entre mer et terre.<\/p>\n<p>Trois mondes se c\u00f4toient l\u2019instant d\u2019un week-end \u00ab\u00a0l\u2019\u00e9criture, l\u2019art, un lieu prestigieux\u00a0\u00bb.<br \/>\nNous continuons d&rsquo;ouvrir les portes \u00e0 tous les \u00e9crivains qui refl\u00e8tent cette nouvelle g\u00e9n\u00e9ration d\u2019auteurs.<br \/>\nIls seront accompagn\u00e9s d\u2019artistes peintres et photographes.<\/p>\n<p>A l\u2019issue de ces manifestations, un prix litt\u00e9raire roman, policier et art est d\u00e9cern\u00e9 parmi 9 livres et artistes.<\/p>\n<p>La litt\u00e9rature et l\u2019art restent un plaisir pour tous, et derri\u00e8re un livre, un tableau, une photo, il y a souvent une femme ou un homme qui s\u2019ouvre \u00e0 nous par son texte, son \u0153uvre vers une grande inconnue. Il jette son encre sur son v\u00e9lin, sa toile.<\/p>\n<p>Le festival l\u2019espace d\u2019un instant va les mettre en lumi\u00e8re afin que tous fassent de belles rencontres.<\/p>\n<p>L\u2019association Jeter l\u2019encre : livres et art aide tous ceux qui le souhaitent dans leur projet qu\u2019il soit litt\u00e9raire ou artistique.<\/p>\n<blockquote><p><strong>Liste des auteurs inscrits <\/strong>(liste susceptible de modifications).<br \/>\nSi vous cliquez sur le nom en rouge, vous d\u00e9couvrirez la page de l\u2019auteur sur 7 \u00e0 lire !<\/p>\n<p>Guy DUCOURNAU<br \/>\nJacqueline LAFORGUE<br \/>\nMichel COLLE<br \/>\nLydie MASSOU<br \/>\nAllain GLYCOS<br \/>\nGuy RECHENMANN<br \/>\nMaria de LAC<br \/>\nDaniel DUHAND<br \/>\nGilles GOURGOUSSE<br \/>\nIsabelle MASSARE-VILLAIN<br \/>\nRobert LOUISON<br \/>\nCorinne BRET<br \/>\nBruno ROUL GAUFFIN<br \/>\nCatherine KUCHARSKI<br \/>\nJean-No\u00ebl GODARD<br \/>\nAgn\u00e8s SOULEZ-LARIVI\u00c8RE<br \/>\nThierry FOURNET<br \/>\nDominique CALAMEL<br \/>\nRichard FAIVRE-MONZO<br \/>\nV\u00e9ronique GODARD<br \/>\nDenis BELLOCQ<br \/>\nVal\u00e9rie BOS<br \/>\nJean-Paul EYMOND<br \/>\nMya DES\u00c9VIGNY<br \/>\nBruno SANAN\u00c8S<br \/>\nCathy GALLARDO-LEDAY<br \/>\nMichel VYNS<br \/>\nLydie MARTIN<br \/>\n<a href=\"https:\/\/www.o-p-i.fr\/7alire\/7-a-lire-actu\/salon-du-livre-7-a-lire-actu\/jean-pierre-casteleyn-la-bd-est-sa-passion\/\">Jean-Pierre CASTELEYN (BD)<\/a><br \/>\n<a href=\"https:\/\/www.o-p-i.fr\/7alire\/?cat=1882\">R\u00e9gine LAPRADE<\/a><br \/>\nChristian C\u00c9TOIS<br \/>\nPaul PERET-MEYSSAN<br \/>\nAlexandre GEOFFROY<br \/>\nDaniel LAMARQUE<br \/>\nPhilippe HEDELINE<\/p><\/blockquote>\n","protected":false},"excerpt":{"rendered":"<div class=\"mh-excerpt\">L&rsquo;Association jeter l&rsquo;encre : livres et arts accueillent \u00e0 Arcachon ces \u00e9v\u00e9nements qui ouvrent la saison hivernale de ce lieu magique entre mer et terre. Trois mondes se c\u00f4toient l\u2019instant d\u2019un week-end \u00ab\u00a0l\u2019\u00e9criture, l\u2019art, un <a class=\"mh-excerpt-more\" href=\"https:\/\/www.o-p-i.fr\/7alire\/7-a-lire-actu\/festival-jetez-lencre-au-casino-darcachon-33-10-et-11-septembre-2016\/\" title=\"Festival Jeter l&rsquo;encre ! au Casino d&rsquo;Arcachon (33). 10 et 11 Septembre 2016.\">[&#8230;]<\/a><\/div>\n","protected":false},"author":2,"featured_media":0,"comment_status":"open","ping_status":"open","sticky":false,"template":"","format":"standard","meta":{"_jetpack_memberships_contains_paid_content":false,"footnotes":"","_links_to":"","_links_to_target":""},"categories":[3,14],"tags":[2981,1430,889],"coauthors":[],"class_list":{"0":"post-15071","1":"post","2":"type-post","3":"status-publish","4":"format-standard","6":"category-7-a-lire-actu","7":"category-salon-du-livre-7-a-lire-actu","8":"tag-arcachon","9":"tag-festival","10":"tag-rencontre-auteur"},"jetpack_featured_media_url":"","jetpack_sharing_enabled":true,"_links":{"self":[{"href":"https:\/\/www.o-p-i.fr\/7alire\/wp-json\/wp\/v2\/posts\/15071","targetHints":{"allow":["GET"]}}],"collection":[{"href":"https:\/\/www.o-p-i.fr\/7alire\/wp-json\/wp\/v2\/posts"}],"about":[{"href":"https:\/\/www.o-p-i.fr\/7alire\/wp-json\/wp\/v2\/types\/post"}],"author":[{"embeddable":true,"href":"https:\/\/www.o-p-i.fr\/7alire\/wp-json\/wp\/v2\/users\/2"}],"replies":[{"embeddable":true,"href":"https:\/\/www.o-p-i.fr\/7alire\/wp-json\/wp\/v2\/comments?post=15071"}],"version-history":[{"count":3,"href":"https:\/\/www.o-p-i.fr\/7alire\/wp-json\/wp\/v2\/posts\/15071\/revisions"}],"predecessor-version":[{"id":15130,"href":"https:\/\/www.o-p-i.fr\/7alire\/wp-json\/wp\/v2\/posts\/15071\/revisions\/15130"}],"wp:attachment":[{"href":"https:\/\/www.o-p-i.fr\/7alire\/wp-json\/wp\/v2\/media?parent=15071"}],"wp:term":[{"taxonomy":"category","embeddable":true,"href":"https:\/\/www.o-p-i.fr\/7alire\/wp-json\/wp\/v2\/categories?post=15071"},{"taxonomy":"post_tag","embeddable":true,"href":"https:\/\/www.o-p-i.fr\/7alire\/wp-json\/wp\/v2\/tags?post=15071"},{"taxonomy":"author","embeddable":true,"href":"https:\/\/www.o-p-i.fr\/7alire\/wp-json\/wp\/v2\/coauthors?post=15071"}],"curies":[{"name":"wp","href":"https:\/\/api.w.org\/{rel}","templated":true}]}}