{"id":15077,"date":"2016-08-31T09:15:55","date_gmt":"2016-08-31T07:15:55","guid":{"rendered":"\/7alire\/?p=15077"},"modified":"2016-08-31T09:25:56","modified_gmt":"2016-08-31T07:25:56","slug":"jardinons-bien-jardinons-bio-gerard-freyssenge-illustrations-fred-medrano","status":"publish","type":"post","link":"https:\/\/www.o-p-i.fr\/7alire\/7-a-lire-actu\/jardinons-bien-jardinons-bio-gerard-freyssenge-illustrations-fred-medrano\/","title":{"rendered":"\u00ab\u00a0Jardinons bien, jardinons bio\u00a0\u00bb. G\u00e9rard FREYSSENGE \/ Illustrations :  Fred M\u00e9drano"},"content":{"rendered":"<figure id=\"attachment_15098\" aria-describedby=\"caption-attachment-15098\" style=\"width: 300px\" class=\"wp-caption alignleft\"><a href=\"https:\/\/www.o-p-i.fr\/7alire\/wp-content\/uploads\/couvjardinbio.jpg\"><img loading=\"lazy\" decoding=\"async\" class=\"wp-image-15098 size-medium\" src=\"https:\/\/www.o-p-i.fr\/7alire\/wp-content\/uploads\/couvjardinbio-300x300.jpg\" alt=\"&quot;Jardinons bien, jardinons bio&quot;. G\u00e9rard FREYSSENGE \/ Illustrations : Fred M\u00e9drano\" width=\"300\" height=\"300\" srcset=\"https:\/\/www.o-p-i.fr\/7alire\/wp-content\/uploads\/couvjardinbio-300x300.jpg 300w, https:\/\/www.o-p-i.fr\/7alire\/wp-content\/uploads\/couvjardinbio-150x150.jpg 150w, https:\/\/www.o-p-i.fr\/7alire\/wp-content\/uploads\/couvjardinbio-768x768.jpg 768w, https:\/\/www.o-p-i.fr\/7alire\/wp-content\/uploads\/couvjardinbio.jpg 787w\" sizes=\"auto, (max-width: 300px) 100vw, 300px\" \/><\/a><figcaption id=\"caption-attachment-15098\" class=\"wp-caption-text\">\u00ab\u00a0Jardinons bien, jardinons bio\u00a0\u00bb. G\u00e9rard FREYSSENGE \/ Illustrations : Fred M\u00e9drano<\/figcaption><\/figure>\n<p style=\"text-align: justify;\">Jardiner c\u2019est bien, mais si l\u2019on peut donner envie de jardiner bio c\u2019est mieux ! C\u2019est dans cet esprit que G\u00e9rard Freyssenge, un papy apiculteur et jardinier amateur, a \u00e9crit le livre jeunesse Jardinons bien, jardinons bio ! et que Fred M\u00e9drano, l\u2019a illustr\u00e9.<\/p>\n<p style=\"text-align: justify;\">Pour ouvrir les yeux des enfants et rouvrir ceux des grands, le jardin est le lieu id\u00e9al o\u00f9 l\u2019on peut \u00e9couter les oiseaux, sentir les fleurs, go\u00fbter les fruits et toucher la terre. Bref, d\u00e8s le plus jeune \u00e2ge c\u2019est au jardin que s\u2019\u00e9veillent tous les sens et que la biodiversit\u00e9 devient r\u00e9alit\u00e9.<\/p>\n<p style=\"text-align: justify;\">Ce livre con\u00e7u par deux amoureux de la nature, est l\u2019occasion de d\u00e9couvrir les techniques de base du jardinage bio mais aussi tout simplement de montrer aux enfants d\u2019o\u00f9 viennent les l\u00e9gumes de leur assiette et comment on les cultive. C\u2019est aussi un moyen de favoriser leur \u00e9panouissement individuel, en leur donnant de l\u2019autonomie et des responsabilit\u00e9s dans leur jardinet biologique.<\/p>\n<p style=\"text-align: justify;\">Gr\u00e2ce \u00e0 la qualit\u00e9 de ses illustrations et la richesse de son contenu, ce livre ludique, instructif et p\u00e9dagogique, est une vraie mine d\u2019or bio !<\/p>\n<p style=\"text-align: justify;\"><span style=\"color: #003366;\"><em>\u00c9ditions Empreinte &#8211; ISBN : 9782913319936 &#8211; Prix : 9\u20ac<\/em><\/span><\/p>\n<blockquote><p>Pour commander les livres : <a href=\"http:\/\/www.facebook.com\/g.freyssenge\" data-saferedirecturl=\"https:\/\/www.google.com\/url?hl=fr&amp;q=http:\/\/www.facebook.com\/g.freyssenge&amp;source=gmail&amp;ust=1472712854293000&amp;usg=AFQjCNHmE2biGfUQpQGhvcf9UWSni1w9OA\">g.freyssenge@orange.fr<\/a> \/<a href=\"http:\/\/www.facebook.com\/g.freyssenge\" data-saferedirecturl=\"https:\/\/www.google.com\/url?hl=fr&amp;q=http:\/\/www.facebook.com\/g.freyssenge&amp;source=gmail&amp;ust=1472712854293000&amp;usg=AFQjCNHmE2biGfUQpQGhvcf9UWSni1w9OA\"> www.facebook.com\/g.freyssenge<\/a>\u00a0 ou <a href=\"http:\/\/www.empreinteditions.fr\/\" data-saferedirecturl=\"https:\/\/www.google.com\/url?hl=fr&amp;q=http:\/\/www.empreinteditions.fr\/&amp;source=gmail&amp;ust=1472712854293000&amp;usg=AFQjCNF9wKIPzLWKTwxBD7jwH4SWTd7j4A\">http:\/\/www.empreinteditions.fr\/<\/a>\u00a0\u00a0 ou <a href=\"http:\/\/www.comptoirdulivre.fr\/\" data-saferedirecturl=\"https:\/\/www.google.com\/url?hl=fr&amp;q=http:\/\/www.comptoirdulivre.fr\/&amp;source=gmail&amp;ust=1472712854293000&amp;usg=AFQjCNEgIa5ffdXJ47nCK8NijneY9KpBYw\">http:\/\/www.comptoirdulivre.fr\/<\/a><\/p><\/blockquote>\n<p>&nbsp;<\/p>\n","protected":false},"excerpt":{"rendered":"<div class=\"mh-excerpt\">Jardiner c\u2019est bien, mais si l\u2019on peut donner envie de jardiner bio c\u2019est mieux ! C\u2019est dans cet esprit que G\u00e9rard Freyssenge, un papy apiculteur et jardinier amateur, a \u00e9crit le livre jeunesse Jardinons bien, <a class=\"mh-excerpt-more\" href=\"https:\/\/www.o-p-i.fr\/7alire\/7-a-lire-actu\/jardinons-bien-jardinons-bio-gerard-freyssenge-illustrations-fred-medrano\/\" title=\"\u00ab\u00a0Jardinons bien, jardinons bio\u00a0\u00bb. G\u00e9rard FREYSSENGE \/ Illustrations :  Fred M\u00e9drano\">[&#8230;]<\/a><\/div>\n","protected":false},"author":3,"featured_media":0,"comment_status":"open","ping_status":"open","sticky":false,"template":"","format":"standard","meta":{"_jetpack_memberships_contains_paid_content":false,"footnotes":"","_links_to":"","_links_to_target":""},"categories":[1148,194,66,3,456],"tags":[1440,3893,3899,3673,948,3618,3897,3892,3894,3895,2119,3901,3896,3898],"coauthors":[],"class_list":{"0":"post-15077","1":"post","2":"type-post","3":"status-publish","4":"format-standard","6":"category--freyssenge-gerard","7":"category--medrano-frederic","8":"category-7-a-lire-pour-les-enfants","9":"category-7-a-lire-actu","10":"category-genre","11":"tag-autonomie","12":"tag-bio","13":"tag-biodiversite","14":"tag-ecouter","15":"tag-environnement","16":"tag-epanouissement","17":"tag-gouter","18":"tag-jardiner","19":"tag-jardinier","20":"tag-ouvrir-les-yeux","21":"tag-realite","22":"tag-responsabilite","23":"tag-sentir","24":"tag-toucher"},"jetpack_featured_media_url":"","jetpack_sharing_enabled":true,"_links":{"self":[{"href":"https:\/\/www.o-p-i.fr\/7alire\/wp-json\/wp\/v2\/posts\/15077","targetHints":{"allow":["GET"]}}],"collection":[{"href":"https:\/\/www.o-p-i.fr\/7alire\/wp-json\/wp\/v2\/posts"}],"about":[{"href":"https:\/\/www.o-p-i.fr\/7alire\/wp-json\/wp\/v2\/types\/post"}],"author":[{"embeddable":true,"href":"https:\/\/www.o-p-i.fr\/7alire\/wp-json\/wp\/v2\/users\/3"}],"replies":[{"embeddable":true,"href":"https:\/\/www.o-p-i.fr\/7alire\/wp-json\/wp\/v2\/comments?post=15077"}],"version-history":[{"count":4,"href":"https:\/\/www.o-p-i.fr\/7alire\/wp-json\/wp\/v2\/posts\/15077\/revisions"}],"predecessor-version":[{"id":15107,"href":"https:\/\/www.o-p-i.fr\/7alire\/wp-json\/wp\/v2\/posts\/15077\/revisions\/15107"}],"wp:attachment":[{"href":"https:\/\/www.o-p-i.fr\/7alire\/wp-json\/wp\/v2\/media?parent=15077"}],"wp:term":[{"taxonomy":"category","embeddable":true,"href":"https:\/\/www.o-p-i.fr\/7alire\/wp-json\/wp\/v2\/categories?post=15077"},{"taxonomy":"post_tag","embeddable":true,"href":"https:\/\/www.o-p-i.fr\/7alire\/wp-json\/wp\/v2\/tags?post=15077"},{"taxonomy":"author","embeddable":true,"href":"https:\/\/www.o-p-i.fr\/7alire\/wp-json\/wp\/v2\/coauthors?post=15077"}],"curies":[{"name":"wp","href":"https:\/\/api.w.org\/{rel}","templated":true}]}}