{"id":1509,"date":"2009-10-15T17:15:36","date_gmt":"2009-10-15T15:15:36","guid":{"rendered":"\/7alire\/?p=1509"},"modified":"2009-10-15T17:15:36","modified_gmt":"2009-10-15T15:15:36","slug":"promotion-de-midi-pyrenees-en-autriche","status":"publish","type":"post","link":"https:\/\/www.o-p-i.fr\/7alire\/occitanie\/autriche_pays_oc\/promotion-de-midi-pyrenees-en-autriche\/","title":{"rendered":"Promotion de Midi-Pyr\u00e9n\u00e9es en Autriche."},"content":{"rendered":"<p style=\"text-align: justify;\">Au <strong>printemps 2010<\/strong>, l&rsquo;association Autriche et Pays d&rsquo;Oc se rendra \u00e0 Vienne pour y promouvoir la R\u00e9gion Midi-Pyr\u00e9n\u00e9es.<\/p>\n<p style=\"text-align: justify;\">\nNous avons besoin de <strong>documents touristiques papier \u00e9crits en allemand , de films touristiques amateurs en fran\u00e7ais ou allemand ou anglais &#8230;, de CD de photos sur notre r\u00e9gion, ses atouts, ses animations&#8230;.. <\/strong>et de toutes les id\u00e9es que vous pourriez nous apporter pour r\u00e9ussir cette promotion de Midi-Pyr\u00e9n\u00e9es. Nous serons accueillis \u00e0 l&rsquo;Universit\u00e9 de Langues Romanes de Vienne&#8230;et dans d&rsquo;autres lieux qui vous seront pr\u00e9cisez ult\u00e9rieurement.<\/p>\n<p style=\"text-align: justify;\">\nLes documents en occitan seront les bienvenus car notre langue est enseign\u00e9e dans cette universit\u00e9 par 3 professeurs dont Peter CICHON qui nous accueille.<\/p>\n<p style=\"text-align: justify;\">\nRenseignements : 05 63 64 57 27 \/ <a href=\"mailto:journalrobert@wanadoo.fr\">journalrobert@wanadoo.fr<\/a> \/ 06 71 00 29 25<\/p>\n","protected":false},"excerpt":{"rendered":"<div class=\"mh-excerpt\">Au printemps 2010, l&rsquo;association Autriche et Pays d&rsquo;Oc se rendra \u00e0 Vienne pour y promouvoir la R\u00e9gion Midi-Pyr\u00e9n\u00e9es. Nous avons besoin de documents touristiques papier \u00e9crits en allemand , de films touristiques amateurs en fran\u00e7ais <a class=\"mh-excerpt-more\" href=\"https:\/\/www.o-p-i.fr\/7alire\/occitanie\/autriche_pays_oc\/promotion-de-midi-pyrenees-en-autriche\/\" title=\"Promotion de Midi-Pyr\u00e9n\u00e9es en Autriche.\">[&#8230;]<\/a><\/div>\n","protected":false},"author":1,"featured_media":0,"comment_status":"open","ping_status":"open","sticky":false,"template":"","format":"standard","meta":{"_jetpack_memberships_contains_paid_content":false,"footnotes":"","_links_to":"","_links_to_target":""},"categories":[28],"tags":[],"coauthors":[],"class_list":{"0":"post-1509","1":"post","2":"type-post","3":"status-publish","4":"format-standard","6":"category-autriche_pays_oc"},"jetpack_featured_media_url":"","jetpack_sharing_enabled":true,"_links":{"self":[{"href":"https:\/\/www.o-p-i.fr\/7alire\/wp-json\/wp\/v2\/posts\/1509","targetHints":{"allow":["GET"]}}],"collection":[{"href":"https:\/\/www.o-p-i.fr\/7alire\/wp-json\/wp\/v2\/posts"}],"about":[{"href":"https:\/\/www.o-p-i.fr\/7alire\/wp-json\/wp\/v2\/types\/post"}],"author":[{"embeddable":true,"href":"https:\/\/www.o-p-i.fr\/7alire\/wp-json\/wp\/v2\/users\/1"}],"replies":[{"embeddable":true,"href":"https:\/\/www.o-p-i.fr\/7alire\/wp-json\/wp\/v2\/comments?post=1509"}],"version-history":[{"count":2,"href":"https:\/\/www.o-p-i.fr\/7alire\/wp-json\/wp\/v2\/posts\/1509\/revisions"}],"predecessor-version":[{"id":1511,"href":"https:\/\/www.o-p-i.fr\/7alire\/wp-json\/wp\/v2\/posts\/1509\/revisions\/1511"}],"wp:attachment":[{"href":"https:\/\/www.o-p-i.fr\/7alire\/wp-json\/wp\/v2\/media?parent=1509"}],"wp:term":[{"taxonomy":"category","embeddable":true,"href":"https:\/\/www.o-p-i.fr\/7alire\/wp-json\/wp\/v2\/categories?post=1509"},{"taxonomy":"post_tag","embeddable":true,"href":"https:\/\/www.o-p-i.fr\/7alire\/wp-json\/wp\/v2\/tags?post=1509"},{"taxonomy":"author","embeddable":true,"href":"https:\/\/www.o-p-i.fr\/7alire\/wp-json\/wp\/v2\/coauthors?post=1509"}],"curies":[{"name":"wp","href":"https:\/\/api.w.org\/{rel}","templated":true}]}}