{"id":15362,"date":"2016-10-12T08:02:04","date_gmt":"2016-10-12T06:02:04","guid":{"rendered":"\/7alire\/?p=15362"},"modified":"2016-10-12T08:02:23","modified_gmt":"2016-10-12T06:02:23","slug":"la-belugueta-de-tgoc-vous-informe-theatre-en-langue-doc-a-cuq-les-vielmur-81","status":"publish","type":"post","link":"https:\/\/www.o-p-i.fr\/7alire\/occitanie\/la-belugueta-de-tgoc-vous-informe-theatre-en-langue-doc-a-cuq-les-vielmur-81\/","title":{"rendered":"La Belugueta de TG\u2019OC vous informe : Th\u00e9\u00e2tre en langue d&rsquo;\u00f2c \u00e0 Cuq-Les-Vielmur (81)"},"content":{"rendered":"<figure id=\"attachment_15363\" aria-describedby=\"caption-attachment-15363\" style=\"width: 212px\" class=\"wp-caption alignright\"><a href=\"https:\/\/www.o-p-i.fr\/7alire\/wp-content\/uploads\/theatreoccitan-cuqlesvielmur.jpg\"><img loading=\"lazy\" decoding=\"async\" class=\"wp-image-15363 size-medium\" src=\"https:\/\/www.o-p-i.fr\/7alire\/wp-content\/uploads\/theatreoccitan-cuqlesvielmur-212x300.jpg\" alt=\"Th\u00e9\u00e2tre en langue d'\u00f2c \u00e0 Cuq-Les-Vielmur (81)\" width=\"212\" height=\"300\" srcset=\"https:\/\/www.o-p-i.fr\/7alire\/wp-content\/uploads\/theatreoccitan-cuqlesvielmur-212x300.jpg 212w, https:\/\/www.o-p-i.fr\/7alire\/wp-content\/uploads\/theatreoccitan-cuqlesvielmur-768x1086.jpg 768w, https:\/\/www.o-p-i.fr\/7alire\/wp-content\/uploads\/theatreoccitan-cuqlesvielmur-724x1024.jpg 724w, https:\/\/www.o-p-i.fr\/7alire\/wp-content\/uploads\/theatreoccitan-cuqlesvielmur.jpg 800w\" sizes=\"auto, (max-width: 212px) 100vw, 212px\" \/><\/a><figcaption id=\"caption-attachment-15363\" class=\"wp-caption-text\">Th\u00e9\u00e2tre en langue d&rsquo;\u00f2c \u00e0 Cuq-Les-Vielmur (81)<\/figcaption><\/figure>\n<p>Dans le cadre de son action socio-culturelle, le <strong><em>Centre Occitan del Pa\u00eds<\/em><\/strong> <strong><em>Castr\u00e9s<\/em><\/strong> propose un projet sur le \u00ab\u00a0Th\u00e9\u00e2tre en langue d&rsquo;\u00f2c\u00a0\u00bb en 2016.<\/p>\n<p>Ainsi, nous avons programm\u00e9 une deuxi\u00e8me rencontre, avec l&rsquo;atelier de th\u00e9\u00e2tre du <em>Centre Culturel Occitan de l&rsquo;Albigeois<\/em> et le groupe castrais <strong><em>Los d&rsquo;Endac\u00f2m<\/em><\/strong>, le jeudi 20 octobre 2016,\u00a0 \u00e0 14h30, \u00e0 Cuq-Les-Vielmur.<\/p>\n<p>L&rsquo;atelier du <em>Centre Culturel Occitan de l&rsquo;Albigeois<\/em> propose une s\u00e9ance de th\u00e9\u00e2tre comique, en langue occitane, avec les pi\u00e8ces et sketches suivants\u00a0: <strong><em>La Crabra (cr\u00e9ation)<\/em><\/strong>, <strong><em>Filibert et Petrenilho <\/em><\/strong>et <strong><em>La femna muda<\/em><\/strong> (Andr\u00e9 BOUSSAC). C&rsquo;est 1h10 de spectacle \u00e0 rire\u00a0!<\/p>\n<p>Au son du gra\u00efle, la vielle \u00e0 roue, le violon, l&rsquo;accord\u00e9on, la guitare et les percussions, depuis plus de vingt ans le r\u00e9pertoire de <strong><em>Los d&rsquo;Endac\u00f2m<\/em><\/strong> est celui des airs traditionnels de notre montagne tarnaise mais aussi de toute l&rsquo;Occitanie.<\/p>\n<p>Un vrai moment de partage et de convivialit\u00e9 \u00e0 consommer sans mod\u00e9ration\u00a0!<\/p>\n<p>Entr\u00e9e\u00a0: 5 euros, go\u00fbter offert.<\/p>\n<p><span style=\"color: #99cc00;\"><strong>Contact\u00a0 :\u00a0<\/strong> <\/span>Centre Occitan del Pa\u00eds Castr\u00e9s<br \/>\n\u00ab\u00a0Ostal Azala\u00eds\u00a0\u00bb<br \/>\n6 rue du Consulat<br \/>\n81100 CASTRES<br \/>\nT\u00e9l. : 05 63 72 40 61<br \/>\nCourriel : <a href=\"mailto:azalais@wanadoo.fr\">azalais@wanadoo.fr<\/a><\/p>\n<p>&nbsp;<\/p>\n<p><span style=\"border-radius: 2px; text-indent: 20px; width: auto; padding: 0px 4px 0px 0px; text-align: center; font: bold 11px\/20px 'Helvetica Neue',Helvetica,sans-serif; color: #ffffff; background: #bd081c  no-repeat scroll 3px 50% \/ 14px 14px; position: absolute; opacity: 1; z-index: 8675309; display: none; cursor: pointer; top: 28px; left: 857px;\">Enregistrer<\/span><\/p>\n","protected":false},"excerpt":{"rendered":"<div class=\"mh-excerpt\">Dans le cadre de son action socio-culturelle, le Centre Occitan del Pa\u00eds Castr\u00e9s propose un projet sur le \u00ab\u00a0Th\u00e9\u00e2tre en langue d&rsquo;\u00f2c\u00a0\u00bb en 2016. Ainsi, nous avons programm\u00e9 une deuxi\u00e8me rencontre, avec l&rsquo;atelier de th\u00e9\u00e2tre <a class=\"mh-excerpt-more\" href=\"https:\/\/www.o-p-i.fr\/7alire\/occitanie\/la-belugueta-de-tgoc-vous-informe-theatre-en-langue-doc-a-cuq-les-vielmur-81\/\" title=\"La Belugueta de TG\u2019OC vous informe : Th\u00e9\u00e2tre en langue d&rsquo;\u00f2c \u00e0 Cuq-Les-Vielmur (81)\">[&#8230;]<\/a><\/div>\n","protected":false},"author":2,"featured_media":0,"comment_status":"open","ping_status":"open","sticky":false,"template":"","format":"standard","meta":{"_jetpack_memberships_contains_paid_content":false,"footnotes":"","_links_to":"","_links_to_target":""},"categories":[266,1189,10],"tags":[3964,8,3631,227],"coauthors":[],"class_list":{"0":"post-15362","1":"post","2":"type-post","3":"status-publish","4":"format-standard","6":"category-activites-occitanes","7":"category-la-belugueta-de-tgoc","8":"category-occitanie","9":"tag-cuq-les-vielmur","10":"tag-occitan","11":"tag-occitanie","12":"tag-theatre"},"jetpack_featured_media_url":"","jetpack_sharing_enabled":true,"_links":{"self":[{"href":"https:\/\/www.o-p-i.fr\/7alire\/wp-json\/wp\/v2\/posts\/15362","targetHints":{"allow":["GET"]}}],"collection":[{"href":"https:\/\/www.o-p-i.fr\/7alire\/wp-json\/wp\/v2\/posts"}],"about":[{"href":"https:\/\/www.o-p-i.fr\/7alire\/wp-json\/wp\/v2\/types\/post"}],"author":[{"embeddable":true,"href":"https:\/\/www.o-p-i.fr\/7alire\/wp-json\/wp\/v2\/users\/2"}],"replies":[{"embeddable":true,"href":"https:\/\/www.o-p-i.fr\/7alire\/wp-json\/wp\/v2\/comments?post=15362"}],"version-history":[{"count":2,"href":"https:\/\/www.o-p-i.fr\/7alire\/wp-json\/wp\/v2\/posts\/15362\/revisions"}],"predecessor-version":[{"id":15365,"href":"https:\/\/www.o-p-i.fr\/7alire\/wp-json\/wp\/v2\/posts\/15362\/revisions\/15365"}],"wp:attachment":[{"href":"https:\/\/www.o-p-i.fr\/7alire\/wp-json\/wp\/v2\/media?parent=15362"}],"wp:term":[{"taxonomy":"category","embeddable":true,"href":"https:\/\/www.o-p-i.fr\/7alire\/wp-json\/wp\/v2\/categories?post=15362"},{"taxonomy":"post_tag","embeddable":true,"href":"https:\/\/www.o-p-i.fr\/7alire\/wp-json\/wp\/v2\/tags?post=15362"},{"taxonomy":"author","embeddable":true,"href":"https:\/\/www.o-p-i.fr\/7alire\/wp-json\/wp\/v2\/coauthors?post=15362"}],"curies":[{"name":"wp","href":"https:\/\/api.w.org\/{rel}","templated":true}]}}