{"id":15380,"date":"2016-10-19T23:57:08","date_gmt":"2016-10-19T21:57:08","guid":{"rendered":"\/7alire\/?p=15380"},"modified":"2016-10-19T23:57:08","modified_gmt":"2016-10-19T21:57:08","slug":"ader-concours-de-nouvelles-2017","status":"publish","type":"post","link":"https:\/\/www.o-p-i.fr\/7alire\/7-a-lire-actu\/ader-concours-de-nouvelles-2017\/","title":{"rendered":"ADER &#8211; Concours de Nouvelles 2017"},"content":{"rendered":"<p style=\"text-align: justify;\">PRIX ADER 2017 &#8211;\u00a0 Concours de nouvelles &#8211;\u00a0 R\u00e8glement .<!--more--><br \/>\n1 &#8211; Le concours est ouvert \u00e0 tous les auteurs (es) de langue fran\u00e7aise, quelle que soit leur nationalit\u00e9, du 1er janvier 2017 au 26 f\u00e9vrier 2017, date de cl\u00f4ture du concours, le cachet de la poste faisant foi. Les dossiers adress\u00e9s post\u00e9rieurement ne seront pas retenus.<br \/>\n2 &#8211; Les organisateurs du concours, leur famille, les membres du jury ne peuvent y participer.<br \/>\n3 &#8211; Chaque candidat (e) peut adresser 2 nouvelles non prim\u00e9es dans un autre concours, sur les th\u00e8mes de son choix.<br \/>\n4 &#8211; Les textes seront envoy\u00e9s en 3 exemplaires et comporteront au maximum 15.000 caract\u00e8res (espaces compris). Ils seront dactylographi\u00e9s en police Times New roman &#8211; taille 12, avec un interligne de 1,5.<br \/>\n5 &#8211; Chaque candidat (e) s\u2019engage \u00e0 garantir l\u2019originalit\u00e9 de l\u2019\u0153uvre qu\u2019il pr\u00e9sente. Du seul fait de leur participation, les auteurs (es) garantissent les organisateurs et le jury contre tout recours \u00e9ventuel de tiers en ce qui concerne la propri\u00e9t\u00e9 des \u0153uvres pr\u00e9sent\u00e9es.<br \/>\n6 &#8211; Le droit de participation au concours est de 5 euros par \u0153uvre propos\u00e9e.<br \/>\n7 &#8211; Les nouvelles devront \u00eatre adress\u00e9es, accompagn\u00e9es des fiches d&rsquo;inscriptions et des r\u00e8glements (Par ch\u00e8que bancaire \u00e0 l&rsquo;ordre de L&rsquo;ADER), en courrier simple au Si\u00e8ge de l&rsquo;Amicale.<br \/>\n8 &#8211; Les auteurs (es) qui souhaitent obtenir un accus\u00e9 de r\u00e9ception de leurs envois devront joindre une enveloppe timbr\u00e9e portant leurs nom et adresse.<br \/>\n9 &#8211; Le concours comporte deux Prix (1er et 2\u00e8me Prix). L&rsquo;annonce des Prix sera faite lors d&rsquo;un Salon du Livre, dont le lieu sera pr\u00e9cis\u00e9 ult\u00e9rieurement. Les laur\u00e9ats devront \u00eatre pr\u00e9sents \u00e0 ce Salon pour la remise de leur Prix.<br \/>\n10 &#8211; La nouvelle qui aura obtenu le 1er Prix sera publi\u00e9e dans un bulletin de l&rsquo;Amicale et l&rsquo;auteur (e) recevra un dipl\u00f4me. Le (La) laur\u00e9at (e) du 2\u00e8me Prix recevra un dipl\u00f4me.<br \/>\n11 &#8211; Au cas o\u00f9 les textes re\u00e7us ne pr\u00e9senteraient pas une qualit\u00e9 suffisante ou ne seraient pas assez nombreux, l&rsquo;Amicale se r\u00e9serve la possibilit\u00e9 d\u2019annuler le concours sans avoir \u00e0 justifier sa d\u00e9cision aupr\u00e8s des auteurs (es) qui seront avertis (ies) de cette annulation et recevront leurs textes en retour. Les tapuscrits seront d\u00e9truits apr\u00e8s la proclamation des r\u00e9sultats.<br \/>\n12 &#8211; La participation au concours implique l&rsquo;acceptation pleine et enti\u00e8re du pr\u00e9sent r\u00e8glement.<\/p>\n<h4 style=\"text-align: center;\"><a href=\"https:\/\/www.o-p-i.fr\/7alire\/wp-content\/uploads\/PrixAder2017.pdf\">[T\u00e9l\u00e9charger la fiche d\u2019inscription]<\/a><\/h4>\n<p style=\"text-align: justify;\"><span style=\"color: #99cc00;\"><strong>Contact :<\/strong> <\/span>Amicale des \u00c9crivains R\u00e9gionaux (ADER)<br \/>\n23 rue des Cr\u00eates<br \/>\n12500 ONET-LE-CH\u00c2TEAU<\/p>\n","protected":false},"excerpt":{"rendered":"<div class=\"mh-excerpt\">PRIX ADER 2017 &#8211;\u00a0 Concours de nouvelles &#8211;\u00a0 R\u00e8glement .<\/div>\n","protected":false},"author":2,"featured_media":0,"comment_status":"open","ping_status":"open","sticky":false,"template":"","format":"standard","meta":{"_jetpack_memberships_contains_paid_content":false,"footnotes":"","_links_to":"","_links_to_target":""},"categories":[3,16],"tags":[262,1943,3640],"coauthors":[],"class_list":{"0":"post-15380","1":"post","2":"type-post","3":"status-publish","4":"format-standard","6":"category-7-a-lire-actu","7":"category-concours_litteraires","8":"tag-ader","9":"tag-concours-litteraire","10":"tag-nouvelle"},"jetpack_featured_media_url":"","jetpack_sharing_enabled":true,"_links":{"self":[{"href":"https:\/\/www.o-p-i.fr\/7alire\/wp-json\/wp\/v2\/posts\/15380","targetHints":{"allow":["GET"]}}],"collection":[{"href":"https:\/\/www.o-p-i.fr\/7alire\/wp-json\/wp\/v2\/posts"}],"about":[{"href":"https:\/\/www.o-p-i.fr\/7alire\/wp-json\/wp\/v2\/types\/post"}],"author":[{"embeddable":true,"href":"https:\/\/www.o-p-i.fr\/7alire\/wp-json\/wp\/v2\/users\/2"}],"replies":[{"embeddable":true,"href":"https:\/\/www.o-p-i.fr\/7alire\/wp-json\/wp\/v2\/comments?post=15380"}],"version-history":[{"count":1,"href":"https:\/\/www.o-p-i.fr\/7alire\/wp-json\/wp\/v2\/posts\/15380\/revisions"}],"predecessor-version":[{"id":15382,"href":"https:\/\/www.o-p-i.fr\/7alire\/wp-json\/wp\/v2\/posts\/15380\/revisions\/15382"}],"wp:attachment":[{"href":"https:\/\/www.o-p-i.fr\/7alire\/wp-json\/wp\/v2\/media?parent=15380"}],"wp:term":[{"taxonomy":"category","embeddable":true,"href":"https:\/\/www.o-p-i.fr\/7alire\/wp-json\/wp\/v2\/categories?post=15380"},{"taxonomy":"post_tag","embeddable":true,"href":"https:\/\/www.o-p-i.fr\/7alire\/wp-json\/wp\/v2\/tags?post=15380"},{"taxonomy":"author","embeddable":true,"href":"https:\/\/www.o-p-i.fr\/7alire\/wp-json\/wp\/v2\/coauthors?post=15380"}],"curies":[{"name":"wp","href":"https:\/\/api.w.org\/{rel}","templated":true}]}}