{"id":1578,"date":"2009-10-16T11:13:31","date_gmt":"2009-10-16T09:13:31","guid":{"rendered":"\/7alire\/?p=1578"},"modified":"2009-10-16T11:13:31","modified_gmt":"2009-10-16T09:13:31","slug":"pinochet-le-proces-de-la-dictature-en-france","status":"publish","type":"post","link":"https:\/\/www.o-p-i.fr\/7alire\/7-a-lire-actu\/pinochet-le-proces-de-la-dictature-en-france\/","title":{"rendered":"Pinochet &#8211; Le proc\u00e8s de la dictature en France"},"content":{"rendered":"<p style=\"text-align: justify;\">\n<figure id=\"attachment_1579\" aria-describedby=\"caption-attachment-1579\" style=\"width: 103px\" class=\"wp-caption alignleft\"><img loading=\"lazy\" decoding=\"async\" class=\"size-full wp-image-1579\" title=\"Pinochet\" src=\"https:\/\/www.o-p-i.fr\/7alire\/wp-content\/uploads\/pinochetcouv103.jpg\" alt=\"Pinochet\" width=\"103\" height=\"197\" \/><figcaption id=\"caption-attachment-1579\" class=\"wp-caption-text\">Pinochet<\/figcaption><\/figure>\n<p style=\"text-align: justify;\">Pinochet. Le proc\u00e8s de la dictature en France, est une enqu\u00eate exceptionnelle au coeur du myst\u00e8re de la disparition de Fran\u00e7ais sous le r\u00e9gime de Pinochet au Chili.<\/p>\n<p style=\"text-align: justify;\"><a href=\"http:\/\/www.toutelatitude.com\/site\/index.php?option=com_content&amp;task=view&amp;id=183&amp;Itemid=39\" target=\"_blank\">En savoir plus<\/a><\/p>\n","protected":false},"excerpt":{"rendered":"<div class=\"mh-excerpt\">Pinochet. Le proc\u00e8s de la dictature en France, est une enqu\u00eate exceptionnelle au coeur du myst\u00e8re de la disparition de Fran\u00e7ais sous le r\u00e9gime de Pinochet au Chili. En savoir plus<\/div>\n","protected":false},"author":1,"featured_media":0,"comment_status":"open","ping_status":"open","sticky":false,"template":"","format":"standard","meta":{"_jetpack_memberships_contains_paid_content":false,"footnotes":"","_links_to":"","_links_to_target":""},"categories":[3],"tags":[296,286],"coauthors":[],"class_list":{"0":"post-1578","1":"post","2":"type-post","3":"status-publish","4":"format-standard","6":"category-7-a-lire-actu","7":"tag-pinochet","8":"tag-toute-latitude"},"jetpack_featured_media_url":"","jetpack_sharing_enabled":true,"_links":{"self":[{"href":"https:\/\/www.o-p-i.fr\/7alire\/wp-json\/wp\/v2\/posts\/1578","targetHints":{"allow":["GET"]}}],"collection":[{"href":"https:\/\/www.o-p-i.fr\/7alire\/wp-json\/wp\/v2\/posts"}],"about":[{"href":"https:\/\/www.o-p-i.fr\/7alire\/wp-json\/wp\/v2\/types\/post"}],"author":[{"embeddable":true,"href":"https:\/\/www.o-p-i.fr\/7alire\/wp-json\/wp\/v2\/users\/1"}],"replies":[{"embeddable":true,"href":"https:\/\/www.o-p-i.fr\/7alire\/wp-json\/wp\/v2\/comments?post=1578"}],"version-history":[{"count":1,"href":"https:\/\/www.o-p-i.fr\/7alire\/wp-json\/wp\/v2\/posts\/1578\/revisions"}],"predecessor-version":[{"id":1580,"href":"https:\/\/www.o-p-i.fr\/7alire\/wp-json\/wp\/v2\/posts\/1578\/revisions\/1580"}],"wp:attachment":[{"href":"https:\/\/www.o-p-i.fr\/7alire\/wp-json\/wp\/v2\/media?parent=1578"}],"wp:term":[{"taxonomy":"category","embeddable":true,"href":"https:\/\/www.o-p-i.fr\/7alire\/wp-json\/wp\/v2\/categories?post=1578"},{"taxonomy":"post_tag","embeddable":true,"href":"https:\/\/www.o-p-i.fr\/7alire\/wp-json\/wp\/v2\/tags?post=1578"},{"taxonomy":"author","embeddable":true,"href":"https:\/\/www.o-p-i.fr\/7alire\/wp-json\/wp\/v2\/coauthors?post=1578"}],"curies":[{"name":"wp","href":"https:\/\/api.w.org\/{rel}","templated":true}]}}