{"id":1581,"date":"2009-10-16T11:15:28","date_gmt":"2009-10-16T09:15:28","guid":{"rendered":"\/7alire\/?p=1581"},"modified":"2009-10-16T11:17:02","modified_gmt":"2009-10-16T09:17:02","slug":"bruniquel-lusine-a-fer-et-ses-consequences-1800-1980","status":"publish","type":"post","link":"https:\/\/www.o-p-i.fr\/7alire\/7-a-lire-actu\/bruniquel-lusine-a-fer-et-ses-consequences-1800-1980\/","title":{"rendered":"Bruniquel. \u00ab\u00a0L&rsquo;usine \u00e0 fer et ses cons\u00e9quences. 1800\/ 1980.\u00a0\u00bb"},"content":{"rendered":"<figure id=\"attachment_1582\" aria-describedby=\"caption-attachment-1582\" style=\"width: 112px\" class=\"wp-caption alignleft\"><img loading=\"lazy\" decoding=\"async\" class=\"size-full wp-image-1582\" title=\"L'usine \u00e0 fer et ses cons\u00e9quences. 1800\/ 1980\" src=\"https:\/\/www.o-p-i.fr\/7alire\/wp-content\/uploads\/usine_fer.jpg\" alt=\"L'usine \u00e0 fer et ses cons\u00e9quences. 1800\/ 1980\" width=\"112\" height=\"149\" \/><figcaption id=\"caption-attachment-1582\" class=\"wp-caption-text\">L&#39;usine \u00e0 fer et ses cons\u00e9quences. 1800\/ 1980<\/figcaption><\/figure>\n<p style=\"text-align: justify;\">Depuis des ann\u00e9es Jean-Paul Damaggio se pr\u00e9occupe de ce lieu surprenant qu&rsquo;est l&rsquo;usine \u00e0 fer de Bruniquel. Disons plus exactement \u00ab\u00a0usine \u00e0 fer\u00a0\u00bb que forge car la forge c&rsquo;est celle du forgeron tandis que l&rsquo;usine \u00e0 fer c&rsquo;est pour indiquer qu&rsquo;il y avait sur cette commune d&rsquo;abord une puis deux usines fabriquant du fer !<\/p>\n<p style=\"text-align: justify;\">Il a d\u00e9cid\u00e9 de rassembler ses recherches pass\u00e9es et r\u00e9centes dans un livre de 161 pages sous le titre : <strong>Bruniquel, L&rsquo;usine \u00e0 fer et ses cons\u00e9quences (1800-1980)<\/strong> \u00e9dit\u00e9 par les \u00e9ditions La Brochure.<br \/>\nCette usine \u00e0 fer dont les vestiges surprennent tous ceux qui les visitent a en effet fa\u00e7onn\u00e9 la vall\u00e9e de l&rsquo;Aveyron en \u00e9tant une des raisons majeures qui fit passer l&rsquo;ancienne voie ferr\u00e9e par le difficile tracet de Lexos \u00e0 Montauban.<\/p>\n<p style=\"text-align: justify;\">Le livre en donnant la liste des habitants de la cit\u00e9 ouvri\u00e8re pendant presque deux si\u00e8cles permet de v\u00e9rifier \u00e9galement les cons\u00e9quences humaines du ph\u00e9nom\u00e8ne. Des travailleurs sp\u00e9cialis\u00e9s anglais des ann\u00e9es 1840 aux Italiens, espagnols et autres \u00e9trangers avec l&rsquo;industrie chimique, un univers sp\u00e9cial a entour\u00e9 le lieu.<\/p>\n","protected":false},"excerpt":{"rendered":"<div class=\"mh-excerpt\">Depuis des ann\u00e9es Jean-Paul Damaggio se pr\u00e9occupe de ce lieu surprenant qu&rsquo;est l&rsquo;usine \u00e0 fer de Bruniquel. Disons plus exactement \u00ab\u00a0usine \u00e0 fer\u00a0\u00bb que forge car la forge c&rsquo;est celle du forgeron tandis que l&rsquo;usine <a class=\"mh-excerpt-more\" href=\"https:\/\/www.o-p-i.fr\/7alire\/7-a-lire-actu\/bruniquel-lusine-a-fer-et-ses-consequences-1800-1980\/\" title=\"Bruniquel. \u00ab\u00a0L&rsquo;usine \u00e0 fer et ses cons\u00e9quences. 1800\/ 1980.\u00a0\u00bb\">[&#8230;]<\/a><\/div>\n","protected":false},"author":1,"featured_media":0,"comment_status":"open","ping_status":"open","sticky":false,"template":"","format":"standard","meta":{"_jetpack_memberships_contains_paid_content":false,"footnotes":"","_links_to":"","_links_to_target":""},"categories":[3],"tags":[297,299,45,75,298],"coauthors":[],"class_list":{"0":"post-1581","1":"post","2":"type-post","3":"status-publish","4":"format-standard","6":"category-7-a-lire-actu","7":"tag-bruniquel","8":"tag-jean-paul-damaggio","9":"tag-la-brochure","10":"tag-montauban","11":"tag-usine"},"jetpack_featured_media_url":"","jetpack_sharing_enabled":true,"_links":{"self":[{"href":"https:\/\/www.o-p-i.fr\/7alire\/wp-json\/wp\/v2\/posts\/1581","targetHints":{"allow":["GET"]}}],"collection":[{"href":"https:\/\/www.o-p-i.fr\/7alire\/wp-json\/wp\/v2\/posts"}],"about":[{"href":"https:\/\/www.o-p-i.fr\/7alire\/wp-json\/wp\/v2\/types\/post"}],"author":[{"embeddable":true,"href":"https:\/\/www.o-p-i.fr\/7alire\/wp-json\/wp\/v2\/users\/1"}],"replies":[{"embeddable":true,"href":"https:\/\/www.o-p-i.fr\/7alire\/wp-json\/wp\/v2\/comments?post=1581"}],"version-history":[{"count":4,"href":"https:\/\/www.o-p-i.fr\/7alire\/wp-json\/wp\/v2\/posts\/1581\/revisions"}],"predecessor-version":[{"id":1586,"href":"https:\/\/www.o-p-i.fr\/7alire\/wp-json\/wp\/v2\/posts\/1581\/revisions\/1586"}],"wp:attachment":[{"href":"https:\/\/www.o-p-i.fr\/7alire\/wp-json\/wp\/v2\/media?parent=1581"}],"wp:term":[{"taxonomy":"category","embeddable":true,"href":"https:\/\/www.o-p-i.fr\/7alire\/wp-json\/wp\/v2\/categories?post=1581"},{"taxonomy":"post_tag","embeddable":true,"href":"https:\/\/www.o-p-i.fr\/7alire\/wp-json\/wp\/v2\/tags?post=1581"},{"taxonomy":"author","embeddable":true,"href":"https:\/\/www.o-p-i.fr\/7alire\/wp-json\/wp\/v2\/coauthors?post=1581"}],"curies":[{"name":"wp","href":"https:\/\/api.w.org\/{rel}","templated":true}]}}