{"id":15901,"date":"2017-03-02T19:43:38","date_gmt":"2017-03-02T17:43:38","guid":{"rendered":"\/7alire\/?p=15901"},"modified":"2017-03-02T19:45:04","modified_gmt":"2017-03-02T17:45:04","slug":"le-blues-de-milo-et-venus-jean-pierard","status":"publish","type":"post","link":"https:\/\/www.o-p-i.fr\/7alire\/genre\/poesie\/le-blues-de-milo-et-venus-jean-pierard\/","title":{"rendered":"\u00ab\u00a0Le blues de Milo et V\u00e9nus\u00a0\u00bb. Jean PIERARD"},"content":{"rendered":"<figure id=\"attachment_15970\" aria-describedby=\"caption-attachment-15970\" style=\"width: 213px\" class=\"wp-caption alignleft\"><a href=\"https:\/\/www.o-p-i.fr\/7alire\/wp-content\/uploads\/couv_venusmilo_pierard.jpg\"><img loading=\"lazy\" decoding=\"async\" class=\"wp-image-15970\" src=\"https:\/\/www.o-p-i.fr\/7alire\/wp-content\/uploads\/couv_venusmilo_pierard.jpg\" alt=\"&quot;Le blues de Milo et V\u00e9nus&quot;. Jean PIERARD\" width=\"213\" height=\"342\" srcset=\"https:\/\/www.o-p-i.fr\/7alire\/wp-content\/uploads\/couv_venusmilo_pierard.jpg 525w, https:\/\/www.o-p-i.fr\/7alire\/wp-content\/uploads\/couv_venusmilo_pierard-187x300.jpg 187w\" sizes=\"auto, (max-width: 213px) 100vw, 213px\" \/><\/a><figcaption id=\"caption-attachment-15970\" class=\"wp-caption-text\">\u00ab\u00a0Le blues de Milo et V\u00e9nus\u00a0\u00bb. Jean PIERARD<\/figcaption><\/figure>\n<p>Dans cet ouvrage paru aux \u00e9ditions du Panth\u00e9on, 16 nouvelles et autant de po\u00e8mes en libert\u00e9 se relaient comme autant de balises sur le sentier d\u2019une vie. On y trouve des histoires de motards, de musiciens, d\u2019artistes, de travestis, de voisins, de couples, d\u2019ouvriers victimes du capitalisme ou d\u2019une soci\u00e9t\u00e9 matriarcale imaginaire et ces personnages ne m\u00e9nagent pas leurs mots pour conter leur passage dans les mirages, les orages, les impasses et les coulisses de la com\u00e9die humaine. Avec humour et autod\u00e9rision, l\u2019auteur nous d\u00e9voile des instantan\u00e9s aux couleurs du blues et de l\u2019\u00e9ternelle enfance . Dans cette ode \u00e0 la vie et aux femmes, le jazz rythme la phrase et les oiseaux nichent dans les port\u00e9es.<\/p>\n<p><span style=\"color: #003366;\"><em>2015 &#8211; ISBN 978-2-7547-2944-4 \u00a0 &#8211; Prix :\u00a0 18,80 \u20ac &#8211; 246 pages. <\/em><\/span><\/p>\n<blockquote><p>Disponible sur commande en librairie ou sur tous les sites de vente en ligne. Version papier et E book.<\/p><\/blockquote>\n<p><span style=\"border-radius: 2px; text-indent: 20px; width: auto; padding: 0px 4px 0px 0px; text-align: center; font: bold 11px\/20px 'Helvetica Neue',Helvetica,sans-serif; color: #ffffff; background: #bd081c  no-repeat scroll 3px 50% \/ 14px 14px; position: absolute; opacity: 1; z-index: 8675309; display: none; cursor: pointer; top: 28px; left: 20px;\">Enregistrer<\/span><\/p>\n","protected":false},"excerpt":{"rendered":"<div class=\"mh-excerpt\">Dans cet ouvrage paru aux \u00e9ditions du Panth\u00e9on, 16 nouvelles et autant de po\u00e8mes en libert\u00e9 se relaient comme autant de balises sur le sentier d\u2019une vie. On y trouve des histoires de motards, de <a class=\"mh-excerpt-more\" href=\"https:\/\/www.o-p-i.fr\/7alire\/genre\/poesie\/le-blues-de-milo-et-venus-jean-pierard\/\" title=\"\u00ab\u00a0Le blues de Milo et V\u00e9nus\u00a0\u00bb. Jean PIERARD\">[&#8230;]<\/a><\/div>\n","protected":false},"author":3,"featured_media":0,"comment_status":"open","ping_status":"open","sticky":false,"template":"","format":"standard","meta":{"_jetpack_memberships_contains_paid_content":false,"footnotes":"","_links_to":"","_links_to_target":""},"categories":[4155,78,49],"tags":[3640,1122],"coauthors":[],"class_list":{"0":"post-15901","1":"post","2":"type-post","3":"status-publish","4":"format-standard","6":"category-pierard-jean","7":"category-nouvelle","8":"category-poesie","9":"tag-nouvelle","10":"tag-poeme"},"jetpack_featured_media_url":"","jetpack_sharing_enabled":true,"_links":{"self":[{"href":"https:\/\/www.o-p-i.fr\/7alire\/wp-json\/wp\/v2\/posts\/15901","targetHints":{"allow":["GET"]}}],"collection":[{"href":"https:\/\/www.o-p-i.fr\/7alire\/wp-json\/wp\/v2\/posts"}],"about":[{"href":"https:\/\/www.o-p-i.fr\/7alire\/wp-json\/wp\/v2\/types\/post"}],"author":[{"embeddable":true,"href":"https:\/\/www.o-p-i.fr\/7alire\/wp-json\/wp\/v2\/users\/3"}],"replies":[{"embeddable":true,"href":"https:\/\/www.o-p-i.fr\/7alire\/wp-json\/wp\/v2\/comments?post=15901"}],"version-history":[{"count":7,"href":"https:\/\/www.o-p-i.fr\/7alire\/wp-json\/wp\/v2\/posts\/15901\/revisions"}],"predecessor-version":[{"id":15972,"href":"https:\/\/www.o-p-i.fr\/7alire\/wp-json\/wp\/v2\/posts\/15901\/revisions\/15972"}],"wp:attachment":[{"href":"https:\/\/www.o-p-i.fr\/7alire\/wp-json\/wp\/v2\/media?parent=15901"}],"wp:term":[{"taxonomy":"category","embeddable":true,"href":"https:\/\/www.o-p-i.fr\/7alire\/wp-json\/wp\/v2\/categories?post=15901"},{"taxonomy":"post_tag","embeddable":true,"href":"https:\/\/www.o-p-i.fr\/7alire\/wp-json\/wp\/v2\/tags?post=15901"},{"taxonomy":"author","embeddable":true,"href":"https:\/\/www.o-p-i.fr\/7alire\/wp-json\/wp\/v2\/coauthors?post=15901"}],"curies":[{"name":"wp","href":"https:\/\/api.w.org\/{rel}","templated":true}]}}