{"id":15914,"date":"2020-03-01T15:28:38","date_gmt":"2020-03-01T13:28:38","guid":{"rendered":"\/7alire\/?p=15914"},"modified":"2021-10-14T20:44:32","modified_gmt":"2021-10-14T18:44:32","slug":"valerie-rinaldo-biographie","status":"publish","type":"post","link":"https:\/\/www.o-p-i.fr\/7alire\/7-a-lire-actu\/valerie-rinaldo-biographie\/","title":{"rendered":"Val\u00e9rie RINALDO. Biographie\/Bibliographie"},"content":{"rendered":"<figure id=\"attachment_15931\" aria-describedby=\"caption-attachment-15931\" style=\"width: 250px\" class=\"wp-caption alignleft\"><a href=\"https:\/\/www.o-p-i.fr\/7alire\/wp-content\/uploads\/rinaldovzalerie.jpg\"><img loading=\"lazy\" decoding=\"async\" class=\"size-full wp-image-15931\" src=\"https:\/\/www.o-p-i.fr\/7alire\/wp-content\/uploads\/rinaldovzalerie.jpg\" alt=\"Val\u00e9rie RINALDO\" width=\"250\" height=\"362\" srcset=\"https:\/\/www.o-p-i.fr\/7alire\/wp-content\/uploads\/rinaldovzalerie.jpg 250w, https:\/\/www.o-p-i.fr\/7alire\/wp-content\/uploads\/rinaldovzalerie-207x300.jpg 207w\" sizes=\"auto, (max-width: 250px) 100vw, 250px\" \/><\/a><figcaption id=\"caption-attachment-15931\" class=\"wp-caption-text\">Val\u00e9rie RINALDO<\/figcaption><\/figure>\n<p>Passionn\u00e9e de po\u00e9sie, Val\u00e9rie Rinaldo a grandi dans le Gers sans jamais oublier ses racines ha\u00eftiennes. Apr\u00e8s des \u00e9tudes de Lettres \u00e0 Toulouse, elle devient professeur.<br \/>\nAgr\u00e9g\u00e9e de Lettres modernes, elle enseigne et vit actuellement dans le Tarn-et-Garonne.<\/p>\n<p>Courriel: <a href=\"mailto:valerie.rinaldo19@gmail.com\" target=\"_blank\" rel=\"noopener noreferrer\">valerie.rinaldo19@gmail.com<\/a><br \/>\n<a href=\"mailto:editions.terredeciel@gmail.com\" target=\"_blank\" rel=\"noopener noreferrer\">editions.terredeciel@gmail.com<\/a><\/p>\n<p><strong>Bibliographie\u00a0<\/strong><\/p>\n<p>Ouvrages parus aux <strong><a href=\"http:\/\/editions-terredeciel.com\" target=\"_blank\" rel=\"noopener noreferrer\">Editions Terre de Ciel<\/a><\/strong><\/p>\n<h4><strong>Litt\u00e9rature adultes<\/strong><\/h4>\n<ul>\n<li><a href=\"https:\/\/www.o-p-i.fr\/7alire\/7-a-lire-actu\/palimpseste-poesies-de-valerie-rinaldo\/\" target=\"_blank\" rel=\"noopener noreferrer\"><strong>Palimpseste<\/strong><\/a><br \/>\nIllustrations : Ginette Adamson<br \/>\nR\u00e9\u00e9dition aux Editions Terre de Ciel<\/li>\n<li>Po\u00e8me \u00e0 Camille Claudel<\/li>\n<li><a href=\"https:\/\/www.o-p-i.fr\/7alire\/auteurs-contemporains\/les-frontieres-de-silence-poemes-de-valerie-rinaldo\/\" target=\"_blank\" rel=\"noopener noreferrer\"><strong>Les Fronti\u00e8res de silence<\/strong><\/a><br \/>\nIllustrations : Alain Alquier<br \/>\nOuvrage publi\u00e9 en deux formats dont une \u00e9dition de luxe \u00e0 tirage limit\u00e9 et pr\u00e9sent\u00e9e avec une \u0153uvre originale de l&rsquo;artiste-peintre.<\/li>\n<li><a href=\"https:\/\/www.o-p-i.fr\/7alire\/genre\/poesie\/un-bout-de-ciel-de-valerie-rinaldo\/\" target=\"_blank\" rel=\"noopener noreferrer\"><strong>Un Bout de ciel<\/strong><\/a> Calligraphies : Moulid Nid Ouissadan<\/li>\n<li><a href=\"https:\/\/www.o-p-i.fr\/7alire\/genre\/roman\/les-enfants-du-soleil-de-valerie-rinaldo\/\" target=\"_blank\" rel=\"noopener noreferrer\"><strong>Les Enfants du Soleil<\/strong><\/a> Illustrations : Claude-Henri Bartoli<\/li>\n<\/ul>\n<h4>Litt\u00e9rature jeunesse<\/h4>\n<ul>\n<li><a href=\"https:\/\/www.o-p-i.fr\/7alire\/auteurs-contemporains\/les-aventures-de-samba-valerie-rinaldo\/\" target=\"_blank\" rel=\"noopener noreferrer\"><strong>Les Aventures de Samba<\/strong><\/a><\/li>\n<\/ul>\n<p>&nbsp;<\/p>\n","protected":false},"excerpt":{"rendered":"<div class=\"mh-excerpt\">Passionn\u00e9e de po\u00e9sie, Val\u00e9rie Rinaldo a grandi dans le Gers sans jamais oublier ses racines ha\u00eftiennes. Apr\u00e8s des \u00e9tudes de Lettres \u00e0 Toulouse, elle devient professeur. Agr\u00e9g\u00e9e de Lettres modernes, elle enseigne et vit actuellement <a class=\"mh-excerpt-more\" href=\"https:\/\/www.o-p-i.fr\/7alire\/7-a-lire-actu\/valerie-rinaldo-biographie\/\" title=\"Val\u00e9rie RINALDO. Biographie\/Bibliographie\">[&#8230;]<\/a><\/div>\n","protected":false},"author":3,"featured_media":0,"comment_status":"open","ping_status":"open","sticky":false,"template":"","format":"standard","meta":{"_jetpack_memberships_contains_paid_content":false,"footnotes":"","_links_to":"","_links_to_target":""},"categories":[4148,3,4,5],"tags":[3959,161,4149,4125,3637,2236],"coauthors":[],"class_list":{"0":"post-15914","1":"post","2":"type-post","3":"status-publish","4":"format-standard","6":"category-rinaldo-valerie","7":"category-7-a-lire-actu","8":"category-auteurs-contemporains","9":"category-biographie","10":"tag-arts-et-lettres","11":"tag-gers","12":"tag-haiti","13":"tag-passionnee","14":"tag-poesie","15":"tag-professeur"},"jetpack_featured_media_url":"","jetpack_sharing_enabled":true,"_links":{"self":[{"href":"https:\/\/www.o-p-i.fr\/7alire\/wp-json\/wp\/v2\/posts\/15914","targetHints":{"allow":["GET"]}}],"collection":[{"href":"https:\/\/www.o-p-i.fr\/7alire\/wp-json\/wp\/v2\/posts"}],"about":[{"href":"https:\/\/www.o-p-i.fr\/7alire\/wp-json\/wp\/v2\/types\/post"}],"author":[{"embeddable":true,"href":"https:\/\/www.o-p-i.fr\/7alire\/wp-json\/wp\/v2\/users\/3"}],"replies":[{"embeddable":true,"href":"https:\/\/www.o-p-i.fr\/7alire\/wp-json\/wp\/v2\/comments?post=15914"}],"version-history":[{"count":11,"href":"https:\/\/www.o-p-i.fr\/7alire\/wp-json\/wp\/v2\/posts\/15914\/revisions"}],"predecessor-version":[{"id":22321,"href":"https:\/\/www.o-p-i.fr\/7alire\/wp-json\/wp\/v2\/posts\/15914\/revisions\/22321"}],"wp:attachment":[{"href":"https:\/\/www.o-p-i.fr\/7alire\/wp-json\/wp\/v2\/media?parent=15914"}],"wp:term":[{"taxonomy":"category","embeddable":true,"href":"https:\/\/www.o-p-i.fr\/7alire\/wp-json\/wp\/v2\/categories?post=15914"},{"taxonomy":"post_tag","embeddable":true,"href":"https:\/\/www.o-p-i.fr\/7alire\/wp-json\/wp\/v2\/tags?post=15914"},{"taxonomy":"author","embeddable":true,"href":"https:\/\/www.o-p-i.fr\/7alire\/wp-json\/wp\/v2\/coauthors?post=15914"}],"curies":[{"name":"wp","href":"https:\/\/api.w.org\/{rel}","templated":true}]}}