{"id":16635,"date":"2017-08-01T13:17:50","date_gmt":"2017-08-01T11:17:50","guid":{"rendered":"\/7alire\/?p=16635"},"modified":"2017-08-02T09:22:34","modified_gmt":"2017-08-02T07:22:34","slug":"les-frontieres-de-silence-poemes-de-valerie-rinaldo","status":"publish","type":"post","link":"https:\/\/www.o-p-i.fr\/7alire\/auteurs-contemporains\/les-frontieres-de-silence-poemes-de-valerie-rinaldo\/","title":{"rendered":"\u00ab\u00a0Les fronti\u00e8res de silence\u00a0\u00bb Po\u00e8mes de Val\u00e9rie RINALDO"},"content":{"rendered":"<figure id=\"attachment_16679\" aria-describedby=\"caption-attachment-16679\" style=\"width: 300px\" class=\"wp-caption alignleft\"><a href=\"https:\/\/www.o-p-i.fr\/7alire\/wp-content\/uploads\/Les-fronti\u00e8res-de-silence.jpg\"><img loading=\"lazy\" decoding=\"async\" class=\"size-medium wp-image-16679\" src=\"https:\/\/www.o-p-i.fr\/7alire\/wp-content\/uploads\/Les-fronti\u00e8res-de-silence-300x214.jpg\" alt=\"\" width=\"300\" height=\"214\" srcset=\"https:\/\/www.o-p-i.fr\/7alire\/wp-content\/uploads\/Les-fronti\u00e8res-de-silence-300x214.jpg 300w, https:\/\/www.o-p-i.fr\/7alire\/wp-content\/uploads\/Les-fronti\u00e8res-de-silence.jpg 709w\" sizes=\"auto, (max-width: 300px) 100vw, 300px\" \/><\/a><figcaption id=\"caption-attachment-16679\" class=\"wp-caption-text\">Les fronti\u00e8res de silence<\/figcaption><\/figure>\n<p>Le silence, plus \u00e9loquent parfois que les mots o\u00f9 l&rsquo;on se r\u00e9fugie, vibre d&rsquo;une \u00e9motion en partage qui nous d\u00e9voile aux yeux de l&rsquo;Autre. Elle et Lui, Lui et Elle. Dans la dissemblance et l&rsquo;incertitude, s&rsquo;abandonnent, consentent, s\u2019\u00e9garent, se reconnaissent&#8230; Les Fronti\u00e8res de silence, un chant d&rsquo;amour qui d\u00e9roule les lignes enchev\u00eatr\u00e9es de deux solitudes, deux voix qui s&rsquo;\u00e9pousent sans jamais se confondre. Un chant d\u2019amour o\u00f9 l\u2019auteur, Val\u00e9rie Rinaldo, avec une infinie pudeur, nous d\u00e9voile ses po\u00e8mes les plus intimes.<\/p>\n<p>L&rsquo;artiste peintre Alain Alquier esquisse cette fronti\u00e8re si fragile qui nous \u00e9loigne l&rsquo;un de l&rsquo;autre au c\u0153ur de l&rsquo;\u00e9moi, au c\u0153ur du silence. Entre ombre et lumi\u00e8re, les gris illuminent l&rsquo;antre d&rsquo;un bonheur \u00e9ph\u00e9m\u00e8re, un trait fugace surgi d&rsquo;un au-del\u00e0 innommable, rive infranchissable du dernier silence, d\u00e9chirure des corps qui s&rsquo;\u00e9treignent, se d\u00e9battent entre la vie et la mort.<br \/>\nDialoguant avec les po\u00e8mes de Val\u00e9rie, Alain ouvre les sillons d&rsquo;un myst\u00e8re o\u00f9 les mots se diluent jusqu&rsquo;\u00e0 l\u2019Indicible, effa\u00e7ant le geste de l&rsquo;artiste pour n&rsquo;\u00eatre plus que l&rsquo;\u00e9cho de deux c\u0153urs qui r\u00e9sonnent.<\/p>\n<p>\u00ab dans la secret de nos nuits<br \/>\nl\u2019air bruisse parfois d\u2019une musique si lente si lourde<br \/>\nqu\u2019il nous semble feulements de roseli\u00e8re \u00bb<br \/>\nLes Fronti\u00e8res de silence<\/p>\n<p>ISBN : n\u00b0 978-2-9553849-2-3<\/p>\n","protected":false},"excerpt":{"rendered":"<div class=\"mh-excerpt\">Le silence, plus \u00e9loquent parfois que les mots o\u00f9 l&rsquo;on se r\u00e9fugie, vibre d&rsquo;une \u00e9motion en partage qui nous d\u00e9voile aux yeux de l&rsquo;Autre. Elle et Lui, Lui et Elle. Dans la dissemblance et l&rsquo;incertitude, <a class=\"mh-excerpt-more\" href=\"https:\/\/www.o-p-i.fr\/7alire\/auteurs-contemporains\/les-frontieres-de-silence-poemes-de-valerie-rinaldo\/\" title=\"\u00ab\u00a0Les fronti\u00e8res de silence\u00a0\u00bb Po\u00e8mes de Val\u00e9rie RINALDO\">[&#8230;]<\/a><\/div>\n","protected":false},"author":3,"featured_media":0,"comment_status":"open","ping_status":"open","sticky":false,"template":"","format":"standard","meta":{"_jetpack_memberships_contains_paid_content":false,"footnotes":"","_links_to":"","_links_to_target":""},"categories":[4148,4,456,49],"tags":[4346,730,1768,4347,4345,788],"coauthors":[],"class_list":{"0":"post-16635","1":"post","2":"type-post","3":"status-publish","4":"format-standard","6":"category-rinaldo-valerie","7":"category-auteurs-contemporains","8":"category-genre","9":"category-poesie","10":"tag-chant-damour","11":"tag-emotion","12":"tag-mot","13":"tag-pudeur","14":"tag-silence","15":"tag-solitude"},"jetpack_featured_media_url":"","jetpack_sharing_enabled":true,"_links":{"self":[{"href":"https:\/\/www.o-p-i.fr\/7alire\/wp-json\/wp\/v2\/posts\/16635","targetHints":{"allow":["GET"]}}],"collection":[{"href":"https:\/\/www.o-p-i.fr\/7alire\/wp-json\/wp\/v2\/posts"}],"about":[{"href":"https:\/\/www.o-p-i.fr\/7alire\/wp-json\/wp\/v2\/types\/post"}],"author":[{"embeddable":true,"href":"https:\/\/www.o-p-i.fr\/7alire\/wp-json\/wp\/v2\/users\/3"}],"replies":[{"embeddable":true,"href":"https:\/\/www.o-p-i.fr\/7alire\/wp-json\/wp\/v2\/comments?post=16635"}],"version-history":[{"count":7,"href":"https:\/\/www.o-p-i.fr\/7alire\/wp-json\/wp\/v2\/posts\/16635\/revisions"}],"predecessor-version":[{"id":16680,"href":"https:\/\/www.o-p-i.fr\/7alire\/wp-json\/wp\/v2\/posts\/16635\/revisions\/16680"}],"wp:attachment":[{"href":"https:\/\/www.o-p-i.fr\/7alire\/wp-json\/wp\/v2\/media?parent=16635"}],"wp:term":[{"taxonomy":"category","embeddable":true,"href":"https:\/\/www.o-p-i.fr\/7alire\/wp-json\/wp\/v2\/categories?post=16635"},{"taxonomy":"post_tag","embeddable":true,"href":"https:\/\/www.o-p-i.fr\/7alire\/wp-json\/wp\/v2\/tags?post=16635"},{"taxonomy":"author","embeddable":true,"href":"https:\/\/www.o-p-i.fr\/7alire\/wp-json\/wp\/v2\/coauthors?post=16635"}],"curies":[{"name":"wp","href":"https:\/\/api.w.org\/{rel}","templated":true}]}}