{"id":1674,"date":"2009-10-16T15:17:27","date_gmt":"2009-10-16T13:17:27","guid":{"rendered":"\/7alire\/?p=1674"},"modified":"2009-10-16T15:22:53","modified_gmt":"2009-10-16T13:22:53","slug":"la-beluga-n%c2%b03","status":"publish","type":"post","link":"https:\/\/www.o-p-i.fr\/7alire\/occitanie\/labeluga\/la-beluga-n%c2%b03\/","title":{"rendered":"La Beluga N\u00b03"},"content":{"rendered":"<p><strong>Au sommaire du N\u00b0 3 de SEPTEMBRE \/ SETEMBRE (prononcer \u00ab s\u00e9t\u00e9mbr\u00e9 \u00bb ) de 2008 :<\/strong><\/p>\n<ul>\n<li> Les prochaines manifestations de TG\u2019OC, association Fr\u00e9d\u00e9ric Cayrou<\/li>\n<li>PUYCORNET \u00ab La plus belle croix occitane v\u00e9g\u00e9tale  de Tarn et Garonne<\/li>\n<li>MYST\u00c9RIEUSE CROIX OCCITANE<\/li>\n<li>O\u00f9, comment apprendre l\u2019Occitan ?<\/li>\n<li>Antonin PERB\u00d2SC \u2013 Loisa PAULIN \u00ab Un amour de loin \u00bb Expo \u00e0 Montauban<\/li>\n<li>\u00ab AUTEUR CONTEMPORAIN \u00bb , un site qui h\u00e9berge des infos occitanes<\/li>\n<li>Id\u00e9e de lecture \u00ab HISTOIRE de France , L\u2019IMPOSTURE \u00bb<\/li>\n<li>PASSERELLE INTER- ASSOCIATIVE : les infos de rentr\u00e9e des ateliers (occitan, danse, chant, musique)<\/li>\n<li>PERQUE M\u2019AN PAS DICH A L\u2019ESCOLA \u2026 t\u00e9moignage de Bernat Berg\u00e9<\/li>\n<li>IMAGES d\u2019UN \u00c9T\u00c9 ACTIF \u2026<\/li>\n<li>Le\u00e7on simplifi\u00e9e d\u2019occitan \/ chanson de MARTY \u00ab Perqu\u00e9 m\u2019an pas dit \u2026 \u00bb<\/li>\n<li>C\u2019est arriv\u00e9 en septembre \u2026 (non dat\u00e9)<\/li>\n<li>Tot aquo se pass\u00e8t en setembre \u2026 ( du 1\u00b0 au 30 )<\/li>\n<li>L\u2019\u00e9v\u00e9nement du mois : la BATALHA DE MURETH<\/li>\n<li>MURET a inspir\u00e9 quelques r\u00e9flexions a Nadal Rei<\/li>\n<li>Le personnage du mois en Tarn et Garonne : JEAN CASTELA, le po\u00e8te-meunier<\/li>\n<li>L\u2019homme du mois : Fr\u00e9d\u00e9ric MISTRAL<\/li>\n<li>Bulletin d\u2019adh\u00e9sion et d\u2019abonnement \u00e0 La Beluga version papier<\/li>\n<li>La Cuv\u00e9e CAYROU est disponible<\/li>\n<li>Le COURRIER des LECTEURS<\/li>\n<li>CONCOURS LITT\u00c9RAIRE FR\u00c9D\u00c9RIC CAYROU<\/li>\n<li>RANDONN\u00c9E L\u2019OCCITANIE A PIED \u2026bus organis\u00e9 par TG\u2019OC<\/li>\n<\/ul>\n<p><strong><\/strong><strong><span style=\"color: #ff6600;\">Le t\u00e9l\u00e9chargement de\u00a0 La Beluga n\u00b03 n&rsquo;est pas disponible.<br \/>\nMerci de vous rapprocher de\u00a0 TARN E GARONA OCCITAN, Association Fr\u00e9d\u00e9ric CAYROU<br \/>\nAUTRICHE et PAYS D\u2019\u00d2C<br \/>\n06 71 00 29 25 \/ 0971 56 68 78 \/ 06 13 59 38 64<br \/>\n<a href=\"mailto:tarnegaroc@orange.fr\">tarnegaroc@orange.fr<\/a> \/ <\/span><a href=\"..\/wp-content\/uploads\/beluga2.pdf\" target=\"_blank\"><\/a><a href=\"mailto:journalrobert@wanadoo.fr\">journalrobert@wanadoo.fr<\/a><br \/>\n<\/strong><\/p>\n","protected":false},"excerpt":{"rendered":"<div class=\"mh-excerpt\">Au sommaire du N\u00b0 3 de SEPTEMBRE \/ SETEMBRE (prononcer \u00ab s\u00e9t\u00e9mbr\u00e9 \u00bb ) de 2008 : Les prochaines manifestations de TG\u2019OC, association Fr\u00e9d\u00e9ric Cayrou PUYCORNET \u00ab La plus belle croix occitane v\u00e9g\u00e9tale de Tarn <a class=\"mh-excerpt-more\" href=\"https:\/\/www.o-p-i.fr\/7alire\/occitanie\/labeluga\/la-beluga-n%c2%b03\/\" title=\"La Beluga N\u00b03\">[&#8230;]<\/a><\/div>\n","protected":false},"author":1,"featured_media":0,"comment_status":"open","ping_status":"open","sticky":false,"template":"","format":"standard","meta":{"_jetpack_memberships_contains_paid_content":false,"footnotes":"","_links_to":"","_links_to_target":""},"categories":[6],"tags":[321,29,3632],"coauthors":[],"class_list":{"0":"post-1674","1":"post","2":"type-post","3":"status-publish","4":"format-standard","6":"category-labeluga","7":"tag-beluga","8":"tag-frederic-cayrou","9":"tag-tarn-e-garona-occitan"},"jetpack_featured_media_url":"","jetpack_sharing_enabled":true,"_links":{"self":[{"href":"https:\/\/www.o-p-i.fr\/7alire\/wp-json\/wp\/v2\/posts\/1674","targetHints":{"allow":["GET"]}}],"collection":[{"href":"https:\/\/www.o-p-i.fr\/7alire\/wp-json\/wp\/v2\/posts"}],"about":[{"href":"https:\/\/www.o-p-i.fr\/7alire\/wp-json\/wp\/v2\/types\/post"}],"author":[{"embeddable":true,"href":"https:\/\/www.o-p-i.fr\/7alire\/wp-json\/wp\/v2\/users\/1"}],"replies":[{"embeddable":true,"href":"https:\/\/www.o-p-i.fr\/7alire\/wp-json\/wp\/v2\/comments?post=1674"}],"version-history":[{"count":3,"href":"https:\/\/www.o-p-i.fr\/7alire\/wp-json\/wp\/v2\/posts\/1674\/revisions"}],"predecessor-version":[{"id":1676,"href":"https:\/\/www.o-p-i.fr\/7alire\/wp-json\/wp\/v2\/posts\/1674\/revisions\/1676"}],"wp:attachment":[{"href":"https:\/\/www.o-p-i.fr\/7alire\/wp-json\/wp\/v2\/media?parent=1674"}],"wp:term":[{"taxonomy":"category","embeddable":true,"href":"https:\/\/www.o-p-i.fr\/7alire\/wp-json\/wp\/v2\/categories?post=1674"},{"taxonomy":"post_tag","embeddable":true,"href":"https:\/\/www.o-p-i.fr\/7alire\/wp-json\/wp\/v2\/tags?post=1674"},{"taxonomy":"author","embeddable":true,"href":"https:\/\/www.o-p-i.fr\/7alire\/wp-json\/wp\/v2\/coauthors?post=1674"}],"curies":[{"name":"wp","href":"https:\/\/api.w.org\/{rel}","templated":true}]}}