{"id":1680,"date":"2009-10-16T15:53:04","date_gmt":"2009-10-16T13:53:04","guid":{"rendered":"\/7alire\/?p=1680"},"modified":"2009-10-16T16:06:38","modified_gmt":"2009-10-16T14:06:38","slug":"la-beluga-n%c2%b05","status":"publish","type":"post","link":"https:\/\/www.o-p-i.fr\/7alire\/occitanie\/labeluga\/la-beluga-n%c2%b05\/","title":{"rendered":"La Beluga N\u00b05"},"content":{"rendered":"<p>ATTENTION ! Ce mois-ci LA BELUGA vous propose un suppl\u00e9ment SPECIAL BICENTENAIRE du TARN &amp; GARONNE<\/p>\n<p><strong>Au sommaire du N\u00b0 5 de NOVEMBRE de 2008 ( prononcer \u00ab noubembr\u00e9 \u00bb)<\/strong> :<\/p>\n<ul>\n<li> Somari<\/li>\n<li>NEGREPELISSE : la musique traditionnelle entre \u00e0 l\u2019\u00e9cole de musique<\/li>\n<li>Souscription \u00e0 l\u2019oeuvre po\u00e9tique de Nadal Rey<\/li>\n<li>SALON DU LIVRE de LEOJAC dimanche 30 novembre<\/li>\n<li>Accueillez une \u00e9tudiante autrichienne : t\u00e9moignage d\u2019une famille d\u2019accueil<\/li>\n<li>t\u00e9moignages d\u2019\u00e9tudiantes<\/li>\n<li>Entrez dans le bain \u2026linguistique occitan<\/li>\n<li>ALSACE : Solidarit\u00e9 linguistique<\/li>\n<li>Lo gal al vin : La recette gourmande la solidarit\u00e9 linguistique<\/li>\n<li>10 ans d\u00e9j\u00e0 \u2026 bon anniversaire aux CARCINOLS de MONTALBAN<\/li>\n<li>Catherine Lacaille : un projet DANSE dans sa t\u00eate<\/li>\n<li>NOVEMBRE jour apr\u00e8s jour : l\u2019histoire de l\u2019occitanie<\/li>\n<li>La personnalit\u00e9 tarn et garonnaise du mois : Dieudonn\u00e9 Costes<\/li>\n<li>L\u2019\u00e9v\u00e9nement historique du mois SUPPLEMENT SPECIAL BICENTENAIRE du TARN &amp; GARONNE<\/li>\n<li>L\u2019\u00e9v\u00e9nement de novembre 2008 : Les 16\u00b0 JOURNEES OCCITANES DE DUNES<\/li>\n<li>Novembre, mois du souvenir : le monument aux Morts occitan de BRUNIQUEL<\/li>\n<li>Hommages occitans<\/li>\n<li>Sauvegarder le patrimoine de pays occitan<\/li>\n<li>NOEL : le DVD \u00ab Bal(l)ade occitane \u00bb de Claude Vernick au pied du sapin<\/li>\n<li>Le\u00e7on d\u2019occitan \u00ab abelugat \u00bb<\/li>\n<li>8-9 novembre : LES JOURNEES de LARRAZET<\/li>\n<li>FELIX CASTAN : une action, une pens\u00e9e, une oeuvre<\/li>\n<li>Programme des Journ\u00e9es de Larrazet<\/li>\n<li>7 \u00e0 lire \/ set de legir ( soif de lire)<\/li>\n<li>Le Po\u00e8te Yves Rouquette \u00e0 Toulouse en Novembre<\/li>\n<li>Solidarit\u00e9 journalistique : comment soutenir LA SETMANA, le seul hebdomadaire occitan<\/li>\n<li>CATALOGNE : cours d\u2019occitan , une r\u00e9ussite !<\/li>\n<li>Bulletin d\u2019adh\u00e9sion \u00e0 TG\u2019OC et d\u2019abonnement \u00e0 LA BELUGA<\/li>\n<li>Bon de commande des Cuv\u00e9es occitanes : \u00ab cuv\u00e9e Cayrou \u00bb toujours !<\/li>\n<li>24 octobre 2009 : OCCITANS de naissance ou de coeur, TOUS A CARCASSONNE<\/li>\n<\/ul>\n<p><strong><span style=\"color: #ff6600;\">Le t\u00e9l\u00e9chargement de\u00a0 La Beluga n\u00b05 n\u2019est pas disponible.<br \/>\nMerci de vous rapprocher de\u00a0 TARN E GARONA OCCITAN, Association Fr\u00e9d\u00e9ric CAYROU<br \/>\nAUTRICHE et PAYS D\u2019\u00d2C<br \/>\n06 71 00 29 25 \/ 0971 56 68 78 \/ 06 13 59 38 64<br \/>\n<a href=\"mailto:tarnegaroc@orange.fr\">tarnegaroc@orange.fr<\/a> \/ <\/span><a href=\"mailto:journalrobert@wanadoo.fr\">journalrobert@wanadoo.fr<\/a><\/strong><\/p>\n<p style=\"text-align: center;\"><span style=\"color: #003300;\"><strong>CAHIER SP\u00c9CIAL \u00ab\u00a0BICENTENAIRE du TARN et GARONNE\u00a0\u00bb<br \/>\n4 novembre 1808 \u2013 4 novembre 2008<\/strong><\/span><\/p>\n<p style=\"text-align: center;\"><span style=\"color: #003300;\"><strong>Le d\u00e9partement de TARN &amp; GARONNE a DEUX CENTS ANS .<\/strong><\/span><\/p>\n<p style=\"text-align: justify;\">\u00ab Tarn e Garona occitan, association Fr\u00e9d\u00e9ric Cayrou \u00bb vous propose de c\u00e9l\u00e9brer ce bicentenaire \u00e0 sa fa\u00e7on avec un num\u00e9ro sp\u00e9cial de LA BELUGA en suppl\u00e9ment au N\u00b0 5<\/p>\n<p><strong>SPECIAL BICENTENAIRE &#8211; SOMMAIRE<\/strong><\/p>\n<ul>\n<li>Cr\u00e9ation des d\u00e9partements<\/li>\n<li>Le bicentenaire de la cr\u00e9ation du Tarn et Garonne fut pourtant compromis \u2026<\/li>\n<li>La l\u00e9gende de la main de Napol\u00e9on &#8211; Le myst\u00e8re des deux chambres de Napol\u00e9on \u2026<\/li>\n<li>Sa composition, ses particularit\u00e9s \u2026<\/li>\n<li>7 \u00e0 lire \/set de legir \/ soif de lire \u2026 sp\u00e9cial bicentenaire \u2026<\/li>\n<li>Oda al despartament de Fr\u00e9d\u00e9ric CAYROU<\/li>\n<li>Diversit\u00e9 architecturale rurale du Tarn et Garonne<\/li>\n<li>Visite de Napol\u00e9on \u00e0 Montauban le 28 juillet 1808 : \u00ab reportage \u00bb po\u00e9tique en occitan d\u2019un t\u00e9moin \u2026 Napol\u00e9on face aux dialectes \u2026<\/li>\n<li>avant d\u2019\u00eatre bicentenaire le Tarn et Garonne a eu 150 ans \u2026<\/li>\n<li>Hymnes divers \u2026<\/li>\n<\/ul>\n<p><strong><a href=\"https:\/\/www.o-p-i.fr\/7alire\/wp-content\/uploads\/Specialbicentenaire.pdf\" target=\"_blank\">T\u00e9l\u00e9charger le Num\u00e9ro Sp\u00e9cial Bicentenaire<\/a><\/strong><\/p>\n","protected":false},"excerpt":{"rendered":"<div class=\"mh-excerpt\">ATTENTION ! Ce mois-ci LA BELUGA vous propose un suppl\u00e9ment SPECIAL BICENTENAIRE du TARN &amp; GARONNE Au sommaire du N\u00b0 5 de NOVEMBRE de 2008 ( prononcer \u00ab noubembr\u00e9 \u00bb) : Somari NEGREPELISSE : la <a class=\"mh-excerpt-more\" href=\"https:\/\/www.o-p-i.fr\/7alire\/occitanie\/labeluga\/la-beluga-n%c2%b05\/\" title=\"La Beluga N\u00b05\">[&#8230;]<\/a><\/div>\n","protected":false},"author":1,"featured_media":0,"comment_status":"open","ping_status":"open","sticky":false,"template":"","format":"standard","meta":{"_jetpack_memberships_contains_paid_content":false,"footnotes":"","_links_to":"","_links_to_target":""},"categories":[6],"tags":[321,301,3632,270],"coauthors":[],"class_list":{"0":"post-1680","1":"post","2":"type-post","3":"status-publish","4":"format-standard","6":"category-labeluga","7":"tag-beluga","8":"tag-bicentaire","9":"tag-tarn-e-garona-occitan","10":"tag-tarn-et-garonne"},"jetpack_featured_media_url":"","jetpack_sharing_enabled":true,"_links":{"self":[{"href":"https:\/\/www.o-p-i.fr\/7alire\/wp-json\/wp\/v2\/posts\/1680","targetHints":{"allow":["GET"]}}],"collection":[{"href":"https:\/\/www.o-p-i.fr\/7alire\/wp-json\/wp\/v2\/posts"}],"about":[{"href":"https:\/\/www.o-p-i.fr\/7alire\/wp-json\/wp\/v2\/types\/post"}],"author":[{"embeddable":true,"href":"https:\/\/www.o-p-i.fr\/7alire\/wp-json\/wp\/v2\/users\/1"}],"replies":[{"embeddable":true,"href":"https:\/\/www.o-p-i.fr\/7alire\/wp-json\/wp\/v2\/comments?post=1680"}],"version-history":[{"count":3,"href":"https:\/\/www.o-p-i.fr\/7alire\/wp-json\/wp\/v2\/posts\/1680\/revisions"}],"predecessor-version":[{"id":1682,"href":"https:\/\/www.o-p-i.fr\/7alire\/wp-json\/wp\/v2\/posts\/1680\/revisions\/1682"}],"wp:attachment":[{"href":"https:\/\/www.o-p-i.fr\/7alire\/wp-json\/wp\/v2\/media?parent=1680"}],"wp:term":[{"taxonomy":"category","embeddable":true,"href":"https:\/\/www.o-p-i.fr\/7alire\/wp-json\/wp\/v2\/categories?post=1680"},{"taxonomy":"post_tag","embeddable":true,"href":"https:\/\/www.o-p-i.fr\/7alire\/wp-json\/wp\/v2\/tags?post=1680"},{"taxonomy":"author","embeddable":true,"href":"https:\/\/www.o-p-i.fr\/7alire\/wp-json\/wp\/v2\/coauthors?post=1680"}],"curies":[{"name":"wp","href":"https:\/\/api.w.org\/{rel}","templated":true}]}}