{"id":16810,"date":"2017-11-14T19:20:47","date_gmt":"2017-11-14T17:20:47","guid":{"rendered":"\/7alire\/?p=16810"},"modified":"2019-10-01T20:30:58","modified_gmt":"2019-10-01T18:30:58","slug":"4eme-salon-du-livre-de-bouloc","status":"publish","type":"post","link":"https:\/\/www.o-p-i.fr\/7alire\/7-a-lire-actu\/salon-du-livre-7-a-lire-actu\/4eme-salon-du-livre-de-bouloc\/","title":{"rendered":"4\u00e8me Salon du Livre de Bouloc"},"content":{"rendered":"<figure id=\"attachment_16811\" aria-describedby=\"caption-attachment-16811\" style=\"width: 567px\" class=\"wp-caption alignright\"><a href=\"https:\/\/www.o-p-i.fr\/7alire\/wp-content\/uploads\/Salon-Bouloc.jpg\"><img loading=\"lazy\" decoding=\"async\" class=\"wp-image-16811 size-full\" src=\"https:\/\/www.o-p-i.fr\/7alire\/wp-content\/uploads\/Salon-Bouloc.jpg\" alt=\"\" width=\"567\" height=\"802\" srcset=\"https:\/\/www.o-p-i.fr\/7alire\/wp-content\/uploads\/Salon-Bouloc.jpg 567w, https:\/\/www.o-p-i.fr\/7alire\/wp-content\/uploads\/Salon-Bouloc-212x300.jpg 212w\" sizes=\"auto, (max-width: 567px) 100vw, 567px\" \/><\/a><figcaption id=\"caption-attachment-16811\" class=\"wp-caption-text\">4\u00e8me salon du livre BOULOC (31)<\/figcaption><\/figure>\n<p><b>Ils participent au 4\u00e8me salon du livre de BOULOC<\/b><\/p>\n<p>En cliquant sur le nom des auteurs \u00e9crits en<strong> gras\u00a0<\/strong>vous pourrez acc\u00e9der \u00e0 leur biographie sur le site 7\u00e0lire<\/p>\n<p><b><span style=\"color: #ff0000;\"><a href=\"https:\/\/www.o-p-i.fr\/7alire\/auteurs-contemporains\/biographie\/maite-lauzely-darbon\/\" target=\"_blank\" rel=\"noopener noreferrer\">Lauzely-Darbon Ma\u00eft\u00e9<\/a><\/span><br \/>\n<\/b>St\u00e9phane Ternoise<br \/>\nCarchon Yves et Muriel<br \/>\nEdgar Auber<br \/>\nRoussel Monique<br \/>\nTourni\u00e9 Jean-Yves<br \/>\n<b><span style=\"color: #ff0000;\"><a href=\"https:\/\/www.o-p-i.fr\/7alire\/auteurs-contemporains\/biographie\/martine-claustres-biographie-2\/\" target=\"_blank\" rel=\"noopener noreferrer\">Claustres Martine<\/a><\/span><\/b><br \/>\n<b><span style=\"color: #ff0000;\"><a href=\"https:\/\/www.o-p-i.fr\/7alire\/7-a-lire-actu\/loic-jan-biographie\/\" target=\"_blank\" rel=\"noopener noreferrer\">Jan Lo\u00efc<\/a><\/span><br \/>\n<\/b>Prad\u00e8re-Loubet Marianne(Maya)<br \/>\nGabor (illustratrice)<br \/>\nCeccato Solange<b><br \/>\n<\/b>Forn\u00e9 Catherine<br \/>\n<b><span style=\"color: #ff0000;\"><a href=\"https:\/\/www.o-p-i.fr\/7alire\/7-a-lire-actu\/marie-chantal-guilmin-biographie\/\" target=\"_blank\" rel=\"noopener noreferrer\">Guilmin <span style=\"color: #ff6600;\">Marie-Chantal<\/span><\/a><\/span><br \/>\n<span style=\"color: #ff0000;\"><a href=\"https:\/\/www.o-p-i.fr\/7alire\/7-a-lire-actu\/odile-savelli-biographie\/\" target=\"_blank\" rel=\"noopener noreferrer\"><span style=\"color: #ff6600;\">Savelli<\/span> Odile et Ren\u00e9<\/a><\/span><br \/>\n<\/b>Puel Christine<br \/>\n<b><span style=\"color: #ff0000;\"><a href=\"https:\/\/www.o-p-i.fr\/7alire\/7-a-lire-actu\/chantal-antunes-biographie\/\" target=\"_blank\" rel=\"noopener noreferrer\">Antunes Chantal<\/a><\/span><br \/>\n<\/b>Amiot St\u00e9phane<br \/>\nSabatier Guy<br \/>\n<b><span style=\"color: #ff0000;\"><a href=\"https:\/\/www.o-p-i.fr\/7alire\/7-a-lire-actu\/michele-rosenzweig-biographie\/\" target=\"_blank\" rel=\"noopener noreferrer\">Rosenzweig Mich\u00e8le<\/a><\/span><br \/>\n<\/b>Ruffi\u00e9 Monique<strong><br \/>\n<\/strong>Duran Robert<br \/>\nDellerba Ir\u00e8ne<br \/>\n<strong><a href=\"https:\/\/www.o-p-i.fr\/7alire\/7-a-lire-actu\/christian-eychloma-biographie\/\" target=\"_blank\" rel=\"noopener noreferrer\">Eychloma christian<\/a><br \/>\n<\/strong>Dion Jean-Fran\u00e7ois<br \/>\nDominique Mars<br \/>\n<a href=\"https:\/\/www.o-p-i.fr\/7alire\/auteurs-contemporains\/carole-laborde-sylvain-biographie\/\" target=\"_blank\" rel=\"noopener noreferrer\"><strong>Carole Laborde-Sylvain<\/strong><\/a><br \/>\n<a href=\"https:\/\/www.o-p-i.fr\/7alire\/auteurs-contemporains\/colette-berthes\/\" target=\"_blank\" rel=\"noopener noreferrer\"><strong>Berth\u00e8s Colette<\/strong><\/a><br \/>\nJeanny Arnaud-M\u00e9dici<br \/>\nGilbert Dedieu<br \/>\nFran\u00e7oise Deixonne<br \/>\nAnne Abribat<\/p>\n","protected":false},"excerpt":{"rendered":"<div class=\"mh-excerpt\">Ils participent au 4\u00e8me salon du livre de BOULOC En cliquant sur le nom des auteurs \u00e9crits en gras\u00a0vous pourrez acc\u00e9der \u00e0 leur biographie sur le site 7\u00e0lire Lauzely-Darbon Ma\u00eft\u00e9 St\u00e9phane Ternoise Carchon Yves et <a class=\"mh-excerpt-more\" href=\"https:\/\/www.o-p-i.fr\/7alire\/7-a-lire-actu\/salon-du-livre-7-a-lire-actu\/4eme-salon-du-livre-de-bouloc\/\" title=\"4\u00e8me Salon du Livre de Bouloc\">[&#8230;]<\/a><\/div>\n","protected":false},"author":4,"featured_media":0,"comment_status":"open","ping_status":"open","sticky":false,"template":"","format":"standard","meta":{"_jetpack_memberships_contains_paid_content":false,"footnotes":"","_links_to":"","_links_to_target":""},"categories":[15,14],"tags":[4391,9],"coauthors":[],"class_list":{"0":"post-16810","1":"post","2":"type-post","3":"status-publish","4":"format-standard","6":"category-dedicaces","7":"category-salon-du-livre-7-a-lire-actu","8":"tag-bouloc","9":"tag-salon-du-livre"},"jetpack_featured_media_url":"","jetpack_sharing_enabled":true,"_links":{"self":[{"href":"https:\/\/www.o-p-i.fr\/7alire\/wp-json\/wp\/v2\/posts\/16810","targetHints":{"allow":["GET"]}}],"collection":[{"href":"https:\/\/www.o-p-i.fr\/7alire\/wp-json\/wp\/v2\/posts"}],"about":[{"href":"https:\/\/www.o-p-i.fr\/7alire\/wp-json\/wp\/v2\/types\/post"}],"author":[{"embeddable":true,"href":"https:\/\/www.o-p-i.fr\/7alire\/wp-json\/wp\/v2\/users\/4"}],"replies":[{"embeddable":true,"href":"https:\/\/www.o-p-i.fr\/7alire\/wp-json\/wp\/v2\/comments?post=16810"}],"version-history":[{"count":8,"href":"https:\/\/www.o-p-i.fr\/7alire\/wp-json\/wp\/v2\/posts\/16810\/revisions"}],"predecessor-version":[{"id":20785,"href":"https:\/\/www.o-p-i.fr\/7alire\/wp-json\/wp\/v2\/posts\/16810\/revisions\/20785"}],"wp:attachment":[{"href":"https:\/\/www.o-p-i.fr\/7alire\/wp-json\/wp\/v2\/media?parent=16810"}],"wp:term":[{"taxonomy":"category","embeddable":true,"href":"https:\/\/www.o-p-i.fr\/7alire\/wp-json\/wp\/v2\/categories?post=16810"},{"taxonomy":"post_tag","embeddable":true,"href":"https:\/\/www.o-p-i.fr\/7alire\/wp-json\/wp\/v2\/tags?post=16810"},{"taxonomy":"author","embeddable":true,"href":"https:\/\/www.o-p-i.fr\/7alire\/wp-json\/wp\/v2\/coauthors?post=16810"}],"curies":[{"name":"wp","href":"https:\/\/api.w.org\/{rel}","templated":true}]}}