{"id":17175,"date":"2018-02-13T11:27:27","date_gmt":"2018-02-13T09:27:27","guid":{"rendered":"\/7alire\/?p=17175"},"modified":"2022-02-06T20:45:27","modified_gmt":"2022-02-06T18:45:27","slug":"baraban-et-le-roi-du-ciel-contes-de-jakie-durrieu-malet","status":"publish","type":"post","link":"https:\/\/www.o-p-i.fr\/7alire\/7-a-lire-actu\/baraban-et-le-roi-du-ciel-contes-de-jakie-durrieu-malet\/","title":{"rendered":"\u00ab\u00a0Baraban\u00a0\u00bb et \u00ab\u00a0le roi du ciel\u00a0\u00bb Contes de Jakie DURRIEU MALET"},"content":{"rendered":"<figure id=\"attachment_17194\" aria-describedby=\"caption-attachment-17194\" style=\"width: 425px\" class=\"wp-caption alignleft\"><a href=\"https:\/\/www.o-p-i.fr\/7alire\/wp-content\/uploads\/CONTES.jpg\"><img loading=\"lazy\" decoding=\"async\" class=\"wp-image-17194\" src=\"https:\/\/www.o-p-i.fr\/7alire\/wp-content\/uploads\/CONTES.jpg\" alt=\"CONTES\" width=\"425\" height=\"641\" srcset=\"https:\/\/www.o-p-i.fr\/7alire\/wp-content\/uploads\/CONTES.jpg 425w, https:\/\/www.o-p-i.fr\/7alire\/wp-content\/uploads\/CONTES-199x300.jpg 199w\" sizes=\"auto, (max-width: 425px) 100vw, 425px\" \/><\/a><figcaption id=\"caption-attachment-17194\" class=\"wp-caption-text\">CONTES<\/figcaption><\/figure>\n<p><strong>Baraban\u00a0:<\/strong><\/p>\n<p><strong>\u00a0\u00a0\u00a0\u00a0\u00a0\u00a0\u00a0\u00a0\u00a0 <\/strong>A travers cette belle histoire on aborde les diff\u00e9rents th\u00e8mes de la solitude,\u00a0 exclusion, amiti\u00e9,\u00a0 paix.\u00a0l\u2019exclusion et surtout celui de l\u2019amiti\u00e9 qui r\u00e9chauffe le c\u0153ur, cr\u00e9ant ainsi un territoire d\u2019accueil et une paix durable entre l\u2019homme et la b\u00eate.<\/p>\n<p>&nbsp;<\/p>\n<p><strong>Le Roi du ciel\u00a0:<\/strong><\/p>\n<p><strong>\u00a0\u00a0\u00a0\u00a0\u00a0\u00a0\u00a0\u00a0 <\/strong>La sauvegarde de sa jolie plan\u00e8te verte semble lui poser des probl\u00e8mes.<\/p>\n<p>Pourra-t-il \u00e0 lui tout seul la pr\u00e9server\u00a0? Ce conte pour enfants nous ram\u00e8ne \u00e0 ce vaste d\u00e9bat qui nous interpelle tous, grands ou petits et nous invite chacun \u00e0 une profonde r\u00e9flexion.<\/p>\n","protected":false},"excerpt":{"rendered":"<div class=\"mh-excerpt\">Baraban\u00a0: \u00a0\u00a0\u00a0\u00a0\u00a0\u00a0\u00a0\u00a0\u00a0 A travers cette belle histoire on aborde les diff\u00e9rents th\u00e8mes de la solitude,\u00a0 exclusion, amiti\u00e9,\u00a0 paix.\u00a0l\u2019exclusion et surtout celui de l\u2019amiti\u00e9 qui r\u00e9chauffe le c\u0153ur, cr\u00e9ant ainsi un territoire d\u2019accueil et une paix <a class=\"mh-excerpt-more\" href=\"https:\/\/www.o-p-i.fr\/7alire\/7-a-lire-actu\/baraban-et-le-roi-du-ciel-contes-de-jakie-durrieu-malet\/\" title=\"\u00ab\u00a0Baraban\u00a0\u00bb et \u00ab\u00a0le roi du ciel\u00a0\u00bb Contes de Jakie DURRIEU MALET\">[&#8230;]<\/a><\/div>\n","protected":false},"author":3,"featured_media":0,"comment_status":"open","ping_status":"open","sticky":false,"template":"","format":"standard","meta":{"_jetpack_memberships_contains_paid_content":false,"footnotes":"","_links_to":"","_links_to_target":""},"categories":[127,66,3,4,77,456],"tags":[124,2246,4530,1411,4529,788,4528],"coauthors":[],"class_list":{"0":"post-17175","1":"post","2":"type-post","3":"status-publish","4":"format-standard","6":"category--durrieu-malet-jakie","7":"category-7-a-lire-pour-les-enfants","8":"category-7-a-lire-actu","9":"category-auteurs-contemporains","10":"category-conte","11":"category-genre","12":"tag-histoire","13":"tag-planete","14":"tag-probleme","15":"tag-reflexion","16":"tag-sauvegarde","17":"tag-solitude","18":"tag-theme"},"jetpack_featured_media_url":"","jetpack_sharing_enabled":true,"_links":{"self":[{"href":"https:\/\/www.o-p-i.fr\/7alire\/wp-json\/wp\/v2\/posts\/17175","targetHints":{"allow":["GET"]}}],"collection":[{"href":"https:\/\/www.o-p-i.fr\/7alire\/wp-json\/wp\/v2\/posts"}],"about":[{"href":"https:\/\/www.o-p-i.fr\/7alire\/wp-json\/wp\/v2\/types\/post"}],"author":[{"embeddable":true,"href":"https:\/\/www.o-p-i.fr\/7alire\/wp-json\/wp\/v2\/users\/3"}],"replies":[{"embeddable":true,"href":"https:\/\/www.o-p-i.fr\/7alire\/wp-json\/wp\/v2\/comments?post=17175"}],"version-history":[{"count":5,"href":"https:\/\/www.o-p-i.fr\/7alire\/wp-json\/wp\/v2\/posts\/17175\/revisions"}],"predecessor-version":[{"id":22589,"href":"https:\/\/www.o-p-i.fr\/7alire\/wp-json\/wp\/v2\/posts\/17175\/revisions\/22589"}],"wp:attachment":[{"href":"https:\/\/www.o-p-i.fr\/7alire\/wp-json\/wp\/v2\/media?parent=17175"}],"wp:term":[{"taxonomy":"category","embeddable":true,"href":"https:\/\/www.o-p-i.fr\/7alire\/wp-json\/wp\/v2\/categories?post=17175"},{"taxonomy":"post_tag","embeddable":true,"href":"https:\/\/www.o-p-i.fr\/7alire\/wp-json\/wp\/v2\/tags?post=17175"},{"taxonomy":"author","embeddable":true,"href":"https:\/\/www.o-p-i.fr\/7alire\/wp-json\/wp\/v2\/coauthors?post=17175"}],"curies":[{"name":"wp","href":"https:\/\/api.w.org\/{rel}","templated":true}]}}